{"id":4828,"date":"2020-02-05T11:26:31","date_gmt":"2020-02-05T14:26:31","guid":{"rendered":"http:\/\/dgospel.com.br\/portal\/?p=4828"},"modified":"2020-02-05T11:26:34","modified_gmt":"2020-02-05T14:26:34","slug":"prefeitura-contrata-empresa-para-instalacao-semaforica-em-quatros-pontos-da-capital","status":"publish","type":"post","link":"https:\/\/dgospel.com.br\/portal\/index.php\/2020\/02\/05\/prefeitura-contrata-empresa-para-instalacao-semaforica-em-quatros-pontos-da-capital\/","title":{"rendered":"Prefeitura contrata empresa para instala\u00e7\u00e3o semaf\u00f3rica em quatros pontos da Capital"},"content":{"rendered":"\n<p>A Prefeitura de Palmas, por meio da Secretaria de Seguran\u00e7a e Mobilidade Urbana (Sesmu), respeitando os tr\u00e2mites legais contratou por dispensa de licita\u00e7\u00e3o a empresa Cons\u00f3rcio SP &#8211; Empresas Panavideo T.E &#8211; LTDA e Semex S.A. de C.V.&nbsp; para instala\u00e7\u00e3o do conjunto de sinaliza\u00e7\u00e3o semaf\u00f3rica distribu\u00eddos em quatros cruzamentos estrat\u00e9gicos da Capital.&nbsp;&nbsp;<br><\/p>\n\n\n\n<p>Os cruzamentos contemplados est\u00e3o localizados entre a Avenida Teot\u00f4nio Segurado com a LO-29; cruzamento da Avenida Teot\u00f4nio Segurado com a LO-08; (pr\u00f3ximo a Pol\u00edcia Federal), cruzamento da Avenida Teot\u00f4nio Segurado com a LO-15, e a Avenida I,&nbsp; no Aureny III, no cruzamento que d\u00e1 acesso ao aeroporto.&nbsp;<\/p>\n\n\n\n<p>A Sesmu informou que os cruzamentos foram escolhidos ap\u00f3s estudo da&nbsp; equipe t\u00e9cnica da secretaria, que identificou as \u00e1reas consideradas cr\u00edticas, onde se registram os maiores n\u00fameros de acidentes nas vias municipais.&nbsp;&nbsp;<\/p>\n\n\n\n<p>De acordo com a empresa, os equipamentos ser\u00e3o entregues juntamente com um pacote de tecnologia a ser instalado, conforme as prioridades da administra\u00e7\u00e3o municipal. Al\u00e9m disso, o sistema dos equipamentos&nbsp; apresenta o menor consumo de energia dispon\u00edvel no mercado.&nbsp;&nbsp;<\/p>\n\n\n\n<p>As informa\u00e7\u00f5es e o detalhamento do extrato de contrato n\u00b0 02\/2020 foram publicados na \u00faltima segunda-feira, 03, no Di\u00e1rio Oficial do Munic\u00edpio (DOM). O contrato tem vig\u00eancia de 90 dias, podendo ser prorrogado por igual per\u00edodo. J\u00e1 o in\u00edcio das obras est\u00e1 previsto para os pr\u00f3ximos dias.<\/p>\n","protected":false},"excerpt":{"rendered":"<p>A Prefeitura de Palmas, por meio da Secretaria de Seguran\u00e7a e Mobilidade Urbana (Sesmu), respeitando os tr\u00e2mites legais contratou por dispensa de licita\u00e7\u00e3o a empresa Cons\u00f3rcio SP &#8211; Empresas Panavideo T.E &#8211; LTDA e Semex S.A. de C.V.&nbsp; para instala\u00e7\u00e3o do conjunto de sinaliza\u00e7\u00e3o semaf\u00f3rica distribu\u00eddos em quatros cruzamentos estrat\u00e9gicos da Capital.&nbsp;&nbsp; Os cruzamentos contemplados [&hellip;]<\/p>\n","protected":false},"author":2,"featured_media":4829,"comment_status":"open","ping_status":"open","sticky":false,"template":"","format":"standard","meta":[],"categories":[3],"tags":[],"_links":{"self":[{"href":"https:\/\/dgospel.com.br\/portal\/index.php\/wp-json\/wp\/v2\/posts\/4828"}],"collection":[{"href":"https:\/\/dgospel.com.br\/portal\/index.php\/wp-json\/wp\/v2\/posts"}],"about":[{"href":"https:\/\/dgospel.com.br\/portal\/index.php\/wp-json\/wp\/v2\/types\/post"}],"author":[{"embeddable":true,"href":"https:\/\/dgospel.com.br\/portal\/index.php\/wp-json\/wp\/v2\/users\/2"}],"replies":[{"embeddable":true,"href":"https:\/\/dgospel.com.br\/portal\/index.php\/wp-json\/wp\/v2\/comments?post=4828"}],"version-history":[{"count":1,"href":"https:\/\/dgospel.com.br\/portal\/index.php\/wp-json\/wp\/v2\/posts\/4828\/revisions"}],"predecessor-version":[{"id":4830,"href":"https:\/\/dgospel.com.br\/portal\/index.php\/wp-json\/wp\/v2\/posts\/4828\/revisions\/4830"}],"wp:featuredmedia":[{"embeddable":true,"href":"https:\/\/dgospel.com.br\/portal\/index.php\/wp-json\/wp\/v2\/media\/4829"}],"wp:attachment":[{"href":"https:\/\/dgospel.com.br\/portal\/index.php\/wp-json\/wp\/v2\/media?parent=4828"}],"wp:term":[{"taxonomy":"category","embeddable":true,"href":"https:\/\/dgospel.com.br\/portal\/index.php\/wp-json\/wp\/v2\/categories?post=4828"},{"taxonomy":"post_tag","embeddable":true,"href":"https:\/\/dgospel.com.br\/portal\/index.php\/wp-json\/wp\/v2\/tags?post=4828"}],"curies":[{"name":"wp","href":"https:\/\/api.w.org\/{rel}","templated":true}]}}