{"id":4831,"date":"2020-02-05T11:43:00","date_gmt":"2020-02-05T14:43:00","guid":{"rendered":"http:\/\/dgospel.com.br\/portal\/?p=4831"},"modified":"2020-02-05T11:43:01","modified_gmt":"2020-02-05T14:43:01","slug":"numero-de-evangelicos-deve-ultrapassar-catolicos-no-brasil-a-partir-de-2032-aponta-estudo","status":"publish","type":"post","link":"https:\/\/dgospel.com.br\/portal\/index.php\/2020\/02\/05\/numero-de-evangelicos-deve-ultrapassar-catolicos-no-brasil-a-partir-de-2032-aponta-estudo\/","title":{"rendered":"N\u00famero de evang\u00e9licos deve ultrapassar cat\u00f3licos no Brasil a partir de 2032, aponta estudo"},"content":{"rendered":"\n<p>A popula\u00e7\u00e3o que se declara evang\u00e9lica deve ultrapassar pela primeira vez o total de cat\u00f3licos no pa\u00eds a partir de 2032, quando o n\u00famero absoluto de seguidores de cada uma das duas religi\u00f5es deve ficar em torno de 90 milh\u00f5es.<\/p>\n\n\n\n<p>De acordo com os \u00faltimos dados oficiais, h\u00e1 aproximadamente 22 milh\u00f5es de evang\u00e9licos (22% do total) contra 125 milh\u00f5es de adeptos do catolicismo (64%).<\/p>\n\n\n\n<p>Os n\u00fameros constam em estudo do dem\u00f3grafo Jos\u00e9 Eust\u00e1quio Alves, professor aposentado da Escola Nacional de Ci\u00eancias Estat\u00edsticas do IBGE.<\/p>\n\n\n\n<p>Segundo o especialista, o n\u00famero de brasileiros adeptos da&nbsp;<strong><a href=\"https:\/\/guiame.com.br\/gospel\/mundo-cristao\/igreja-evangelica-e-que-mais-atrai-mulheres-negros-e-jovens-diz-datafolha.html\">religi\u00e3o evang\u00e9lica cresce<\/a><\/strong>&nbsp;em m\u00e9dia 0,8% ao ano desde 2010, enquanto a quantidade de cat\u00f3licos diminui 1,2% no mesmo per\u00edodo. Com isso, a progress\u00e3o geom\u00e9trica aponta para que cada uma das duas religi\u00f5es correspondam a cerca de 40% da popula\u00e7\u00e3o em 2032. Se a curva se mantiver, a partir daquele ano, portanto, os evang\u00e9licos devem se tornar maioria no pa\u00eds.<\/p>\n\n\n\n<p>\u201cEstamos vivendo uma transi\u00e7\u00e3o religiosa nos \u00faltimos anos\u201d, diz Eust\u00e1quio Alves, que estende sua avalia\u00e7\u00e3o para todos os pa\u00edses da&nbsp;<strong><a href=\"https:\/\/guiame.com.br\/gospel\/noticias\/relatorio-afirma-que-cristianismo-esta-crescendo-mais-rapidamente-que-populacao.html\">Am\u00e9rica Latina<\/a><\/strong>.<\/p>\n\n\n\n<p>A altera\u00e7\u00e3o mais emblem\u00e1tica no quadro religioso do Brasil, por\u00e9m, deve ser confirmada em 2022, quando h\u00e1 previs\u00e3o de os cat\u00f3licos representarem, pela primeira vez, menos de 50% da popula\u00e7\u00e3o.<\/p>\n\n\n\n<p>Para o pesquisador, os resultados das \u00faltimas elei\u00e7\u00f5es gerais, que ampliaram a presen\u00e7a de&nbsp;<strong><a href=\"https:\/\/guiame.com.br\/gospel\/noticias\/em-culto-bolsonaro-diz-que-vai-indicar-ministro-terrivelmente-evangelico-para-o-stf.html\">evang\u00e9licos no Congresso<\/a><\/strong>, s\u00e3o o reflexo mais direto deste fen\u00f4meno no Brasil.<\/p>\n\n\n\n<p>Nos Estados Unidos, onde est\u00e1 a maior popula\u00e7\u00e3o absoluta de evang\u00e9licos do mundo, o fen\u00f4meno \u00e9 diferente, segundo Alves. \u201cOs que se declaram sem religi\u00e3o s\u00e3o os que mais crescem l\u00e1\u201d, diz o pesquisador.&nbsp;<\/p>\n\n\n\n<p>\n\nFONTE: GUIAME, COM INFORMA\u00c7\u00d5ES DA VEJA\n\n<\/p>\n","protected":false},"excerpt":{"rendered":"<p>A popula\u00e7\u00e3o que se declara evang\u00e9lica deve ultrapassar pela primeira vez o total de cat\u00f3licos no pa\u00eds a partir de 2032, quando o n\u00famero absoluto de seguidores de cada uma das duas religi\u00f5es deve ficar em torno de 90 milh\u00f5es. De acordo com os \u00faltimos dados oficiais, h\u00e1 aproximadamente 22 milh\u00f5es de evang\u00e9licos (22% do [&hellip;]<\/p>\n","protected":false},"author":2,"featured_media":4832,"comment_status":"open","ping_status":"open","sticky":false,"template":"","format":"standard","meta":[],"categories":[5,6],"tags":[],"_links":{"self":[{"href":"https:\/\/dgospel.com.br\/portal\/index.php\/wp-json\/wp\/v2\/posts\/4831"}],"collection":[{"href":"https:\/\/dgospel.com.br\/portal\/index.php\/wp-json\/wp\/v2\/posts"}],"about":[{"href":"https:\/\/dgospel.com.br\/portal\/index.php\/wp-json\/wp\/v2\/types\/post"}],"author":[{"embeddable":true,"href":"https:\/\/dgospel.com.br\/portal\/index.php\/wp-json\/wp\/v2\/users\/2"}],"replies":[{"embeddable":true,"href":"https:\/\/dgospel.com.br\/portal\/index.php\/wp-json\/wp\/v2\/comments?post=4831"}],"version-history":[{"count":1,"href":"https:\/\/dgospel.com.br\/portal\/index.php\/wp-json\/wp\/v2\/posts\/4831\/revisions"}],"predecessor-version":[{"id":4833,"href":"https:\/\/dgospel.com.br\/portal\/index.php\/wp-json\/wp\/v2\/posts\/4831\/revisions\/4833"}],"wp:featuredmedia":[{"embeddable":true,"href":"https:\/\/dgospel.com.br\/portal\/index.php\/wp-json\/wp\/v2\/media\/4832"}],"wp:attachment":[{"href":"https:\/\/dgospel.com.br\/portal\/index.php\/wp-json\/wp\/v2\/media?parent=4831"}],"wp:term":[{"taxonomy":"category","embeddable":true,"href":"https:\/\/dgospel.com.br\/portal\/index.php\/wp-json\/wp\/v2\/categories?post=4831"},{"taxonomy":"post_tag","embeddable":true,"href":"https:\/\/dgospel.com.br\/portal\/index.php\/wp-json\/wp\/v2\/tags?post=4831"}],"curies":[{"name":"wp","href":"https:\/\/api.w.org\/{rel}","templated":true}]}}