{"id":4834,"date":"2020-02-05T12:02:42","date_gmt":"2020-02-05T15:02:42","guid":{"rendered":"http:\/\/dgospel.com.br\/portal\/?p=4834"},"modified":"2020-02-05T12:02:43","modified_gmt":"2020-02-05T15:02:43","slug":"carlesse-visita-regioes-turisticas-do-entorno-jalapao-e-serras-gerais-e-debate-melhorias-com-empreendedores","status":"publish","type":"post","link":"https:\/\/dgospel.com.br\/portal\/index.php\/2020\/02\/05\/carlesse-visita-regioes-turisticas-do-entorno-jalapao-e-serras-gerais-e-debate-melhorias-com-empreendedores\/","title":{"rendered":"Carlesse visita regi\u00f5es tur\u00edsticas do entorno Jalap\u00e3o e Serras Gerais e debate melhorias com empreendedores"},"content":{"rendered":"\n<p>Davi Mendes surpreendeu-se com uma visita inesperada, no domingo, 2, quando viu chegar \u00e0 Fazenda Vale dos P\u00e1ssaros, localizada em Almas, \u2013 em uma \u00e1rea de dif\u00edcil acesso, mas muito apreciada pelos ecoturistas \u2013, o governador Mauro Carlesse. O Chefe do Poder Executivo n\u00e3o se intimidou com a dif\u00edcil trilha que d\u00e1 acesso \u00e0 propriedade e seu principal atrativo, a Cachoeira do Urubu Rei, uma das belezas naturais do munic\u00edpio localizado a 306 km de Palmas, na regi\u00e3o tur\u00edstica das Serras Gerais.<\/p>\n\n\n\n<p>Esta visita encerrou uma viagem rel\u00e2mpago de Mauro Calesse a tr\u00eas munic\u00edpios de potencial tur\u00edstico reconhecido no estado do Tocantins. Acompanhado pelo secret\u00e1rio de Ind\u00fastria, Com\u00e9rcio e Servi\u00e7os (Sics) e respons\u00e1vel pela Ag\u00eancia do Desenvolvimento do Turismo, Cultura e Economia Criativa (Adetuc), Tom Lyra, o Governador esteve ainda em Rio da Concei\u00e7\u00e3o e Ponte Alta (Jalap\u00e3o), onde visitou os atrativos dessas localidades.<\/p>\n\n\n\n<p>\u201cA proposta do Governador foi discutir com os empreendedores locais da conflu\u00eancia com o Jalap\u00e3o e das Serras Gerais as possibilidades de incrementar o turismo na regi\u00e3o&#8221;, revela Tom Lyra, lembrando que al\u00e9m de conversar com pequenos empres\u00e1rios, conhecer as estruturas de seus empreendimentos e experimentar a culin\u00e1ria local, tamb\u00e9m foi poss\u00edvel avaliar as necessidades de melhorias, como instala\u00e7\u00e3o de passarelas e estruturas de prote\u00e7\u00e3o. \u201cO governador Mauro Carlesse entende que h\u00e1 muito que se fazer e assumiu o compromisso de buscar recursos que viabilizem essas melhorias\u201d, completa&nbsp;Lyra.<\/p>\n\n\n\n<p>A primeira parada, ainda no s\u00e1bado, 1\u00ba de fevereiro, ocorreu na Pedra Furada, 35 km distante de Ponte Alta do Tocantins (156 km de Palmas). O local, que j\u00e1 serviu de cen\u00e1rio para novela, encanto&nbsp;por suas forma\u00e7\u00f5es rochosas, sendo o primeiro atrativo visitado pelos turistas que fazem a rota tradicional do Jalap\u00e3o.<\/p>\n\n\n\n<p>Distante cerca de 90 km de Ponte Alta, a Cachoeira da Fuma\u00e7a \u00e9 uma das belezas da regi\u00e3o, mas n\u00e3o tem acesso liberado a visita\u00e7\u00e3o tur\u00edstica, por estar em uma \u00e1rea de prote\u00e7\u00e3o delimitada pelo Instituto Chico Mendes de Conserva\u00e7\u00e3o da Biodiversidade (ICMBio). Segundo Tom Lyra, o Governador considerou vi\u00e1vel solicitar ao \u00f3rg\u00e3o vinculado ao Minist\u00e9rio do Meio Ambiente a libera\u00e7\u00e3o do local apenas para visita\u00e7\u00e3o contemplativa, j\u00e1 que a cachoeira, que possui 35 metros de altura por 45 de largura e forte correnteza, n\u00e3o oferece pontos para banho.<\/p>\n\n\n\n<p>O dia foi encerrado no munic\u00edpio de Rio da Concei\u00e7\u00e3o, a 374 km da Capital, onde o destaque \u00e9 a Lagoa da Serra, cujas \u00e1guas apresentam-se cristalinas e mornas no in\u00edcio da manh\u00e3. No Restaurante Quintal de Casa, o governador Mauro Carlesse conversou com a propriet\u00e1ria, Eliene Lima, e aprovou seus planos de construir uma pousada. Acompanharam essa visita o prefeito Mauro Junior e o vereador Jos\u00e9 Divino.<\/p>\n\n\n\n<p><strong>Ministro<\/strong><\/p>\n\n\n\n<p>Ao longo da viagem, o governador Mauro Carlesse e o secret\u00e1rio Tom Lyra mantiveram contatos frequentes com o ministro do Turismo, Marcelo \u00c1lvaro Ant\u00f4nio, que se tornou um dos defensores do desenvolvimento do setor no Tocantins, desde suas visitas ao Estado, em 2019. Em \u00e1udio, enviou mensagem enfatizando seu carinho pessoal pelo Tocantins e a disposi\u00e7\u00e3o de trabalhar em prol da regi\u00e3o. \u201cNo que depender da gente, vamos trabalhar pra deslanchar o turismo tocantinense\u201d, garantiu.<\/p>\n","protected":false},"excerpt":{"rendered":"<p>Davi Mendes surpreendeu-se com uma visita inesperada, no domingo, 2, quando viu chegar \u00e0 Fazenda Vale dos P\u00e1ssaros, localizada em Almas, \u2013 em uma \u00e1rea de dif\u00edcil acesso, mas muito apreciada pelos ecoturistas \u2013, o governador Mauro Carlesse. O Chefe do Poder Executivo n\u00e3o se intimidou com a dif\u00edcil trilha que d\u00e1 acesso \u00e0 propriedade [&hellip;]<\/p>\n","protected":false},"author":2,"featured_media":4835,"comment_status":"open","ping_status":"open","sticky":false,"template":"","format":"standard","meta":[],"categories":[4],"tags":[],"_links":{"self":[{"href":"https:\/\/dgospel.com.br\/portal\/index.php\/wp-json\/wp\/v2\/posts\/4834"}],"collection":[{"href":"https:\/\/dgospel.com.br\/portal\/index.php\/wp-json\/wp\/v2\/posts"}],"about":[{"href":"https:\/\/dgospel.com.br\/portal\/index.php\/wp-json\/wp\/v2\/types\/post"}],"author":[{"embeddable":true,"href":"https:\/\/dgospel.com.br\/portal\/index.php\/wp-json\/wp\/v2\/users\/2"}],"replies":[{"embeddable":true,"href":"https:\/\/dgospel.com.br\/portal\/index.php\/wp-json\/wp\/v2\/comments?post=4834"}],"version-history":[{"count":1,"href":"https:\/\/dgospel.com.br\/portal\/index.php\/wp-json\/wp\/v2\/posts\/4834\/revisions"}],"predecessor-version":[{"id":4836,"href":"https:\/\/dgospel.com.br\/portal\/index.php\/wp-json\/wp\/v2\/posts\/4834\/revisions\/4836"}],"wp:featuredmedia":[{"embeddable":true,"href":"https:\/\/dgospel.com.br\/portal\/index.php\/wp-json\/wp\/v2\/media\/4835"}],"wp:attachment":[{"href":"https:\/\/dgospel.com.br\/portal\/index.php\/wp-json\/wp\/v2\/media?parent=4834"}],"wp:term":[{"taxonomy":"category","embeddable":true,"href":"https:\/\/dgospel.com.br\/portal\/index.php\/wp-json\/wp\/v2\/categories?post=4834"},{"taxonomy":"post_tag","embeddable":true,"href":"https:\/\/dgospel.com.br\/portal\/index.php\/wp-json\/wp\/v2\/tags?post=4834"}],"curies":[{"name":"wp","href":"https:\/\/api.w.org\/{rel}","templated":true}]}}