{"id":4844,"date":"2020-02-10T16:16:39","date_gmt":"2020-02-10T19:16:39","guid":{"rendered":"http:\/\/dgospel.com.br\/portal\/?p=4844"},"modified":"2020-02-10T16:16:40","modified_gmt":"2020-02-10T19:16:40","slug":"prefeitura-de-palmas-encaminha-a-camara-projeto-de-lei-que-atualiza-transporte-de-passageiro-por-aplicativo","status":"publish","type":"post","link":"https:\/\/dgospel.com.br\/portal\/index.php\/2020\/02\/10\/prefeitura-de-palmas-encaminha-a-camara-projeto-de-lei-que-atualiza-transporte-de-passageiro-por-aplicativo\/","title":{"rendered":"Prefeitura de Palmas encaminha \u00e0 C\u00e2mara Projeto de Lei que atualiza transporte de passageiro por aplicativo"},"content":{"rendered":"\n<p>A Prefeitura de Palmas encaminhou na \u00faltima quinta-feira, 06, minuta de Projeto de Lei que atualiza a lei municipal 2.330\/2017 que regulamenta o transporte de passageiro por aplicativo. O Projeto de Lei altera a idade m\u00e1xima do ve\u00edculo de sete para dez anos, retira a obrigatoriedade do emplacamento no munic\u00edpio de Palmas e a necessidade de que a empresa tenha filial na cidade e um representante local, al\u00e9m de n\u00e3o ser mais necess\u00e1rio que o condutor apresente seguro que cubra danos a terceiros, o Seguro de Responsabilidade Civil Facultativa de Ve\u00edculos (RCF-V).<\/p>\n\n\n\n<p>A cidade de Palmas possui legisla\u00e7\u00e3o espec\u00edfica para transporte motorizado privado e remunerado de passageiros desde 2017, anterior \u00e0 Lei Federal n\u00ba 13.640\/2018. Embora n\u00e3o existam diverg\u00eancias significativas entre os textos, o Munic\u00edpio enxergou a necessidade de atualizar a legisla\u00e7\u00e3o para que a popula\u00e7\u00e3o possa ser melhor atendida.<\/p>\n\n\n\n<p>Para o presidente da Ag\u00eancia de Regula\u00e7\u00e3o, Controle e Fiscaliza\u00e7\u00e3o de Servi\u00e7os P\u00fablicos de Palmas, F\u00e1bio Barbosa Chaves, o desenvolvimento tecnol\u00f3gico, aliado ao olhar empreendedor, confere elevado dinamismo a essa atividade, exigindo do poder p\u00fablico constante atualiza\u00e7\u00e3o. Na mensagem encaminhada ao Legislativo, \u00e9 solicitado que a mat\u00e9ria seja avaliada e votada em car\u00e1ter de urg\u00eancia.<br><\/p>\n","protected":false},"excerpt":{"rendered":"<p>A Prefeitura de Palmas encaminhou na \u00faltima quinta-feira, 06, minuta de Projeto de Lei que atualiza a lei municipal 2.330\/2017 que regulamenta o transporte de passageiro por aplicativo. O Projeto de Lei altera a idade m\u00e1xima do ve\u00edculo de sete para dez anos, retira a obrigatoriedade do emplacamento no munic\u00edpio de Palmas e a necessidade [&hellip;]<\/p>\n","protected":false},"author":2,"featured_media":4845,"comment_status":"open","ping_status":"open","sticky":false,"template":"","format":"standard","meta":[],"categories":[3],"tags":[],"_links":{"self":[{"href":"https:\/\/dgospel.com.br\/portal\/index.php\/wp-json\/wp\/v2\/posts\/4844"}],"collection":[{"href":"https:\/\/dgospel.com.br\/portal\/index.php\/wp-json\/wp\/v2\/posts"}],"about":[{"href":"https:\/\/dgospel.com.br\/portal\/index.php\/wp-json\/wp\/v2\/types\/post"}],"author":[{"embeddable":true,"href":"https:\/\/dgospel.com.br\/portal\/index.php\/wp-json\/wp\/v2\/users\/2"}],"replies":[{"embeddable":true,"href":"https:\/\/dgospel.com.br\/portal\/index.php\/wp-json\/wp\/v2\/comments?post=4844"}],"version-history":[{"count":1,"href":"https:\/\/dgospel.com.br\/portal\/index.php\/wp-json\/wp\/v2\/posts\/4844\/revisions"}],"predecessor-version":[{"id":4846,"href":"https:\/\/dgospel.com.br\/portal\/index.php\/wp-json\/wp\/v2\/posts\/4844\/revisions\/4846"}],"wp:featuredmedia":[{"embeddable":true,"href":"https:\/\/dgospel.com.br\/portal\/index.php\/wp-json\/wp\/v2\/media\/4845"}],"wp:attachment":[{"href":"https:\/\/dgospel.com.br\/portal\/index.php\/wp-json\/wp\/v2\/media?parent=4844"}],"wp:term":[{"taxonomy":"category","embeddable":true,"href":"https:\/\/dgospel.com.br\/portal\/index.php\/wp-json\/wp\/v2\/categories?post=4844"},{"taxonomy":"post_tag","embeddable":true,"href":"https:\/\/dgospel.com.br\/portal\/index.php\/wp-json\/wp\/v2\/tags?post=4844"}],"curies":[{"name":"wp","href":"https:\/\/api.w.org\/{rel}","templated":true}]}}