{"id":4851,"date":"2020-02-11T10:03:55","date_gmt":"2020-02-11T13:03:55","guid":{"rendered":"http:\/\/dgospel.com.br\/portal\/?p=4851"},"modified":"2020-02-11T10:03:57","modified_gmt":"2020-02-11T13:03:57","slug":"governador-carlesse-afirma-que-tem-interesse-em-discutir-reducao-do-icms-do-combustivel","status":"publish","type":"post","link":"https:\/\/dgospel.com.br\/portal\/index.php\/2020\/02\/11\/governador-carlesse-afirma-que-tem-interesse-em-discutir-reducao-do-icms-do-combustivel\/","title":{"rendered":"Governador Carlesse afirma que tem interesse em discutir redu\u00e7\u00e3o do ICMS do combust\u00edvel"},"content":{"rendered":"\n<p>O Governador do Tocantins, Mauro Carlesse, afirmou nesta segunda-feira, 10, que est\u00e1 disposto a discutir a redu\u00e7\u00e3o do Imposto sobre Circula\u00e7\u00e3o de Mercadorias e Servi\u00e7os (ICMS) nos f\u00f3runs institucionais adequados e com os estudos t\u00e9cnicos.<\/p>\n\n\n\n<p>\u201cO ICMS est\u00e1 previsto na Constitui\u00e7\u00e3o Federal como a principal receita dos Estados para a manuten\u00e7\u00e3o de servi\u00e7os essenciais \u00e0 popula\u00e7\u00e3o, a exemplo de seguran\u00e7a, sa\u00fade e educa\u00e7\u00e3o. O Governo defende uma discuss\u00e3o s\u00e9ria sobre a redu\u00e7\u00e3o dos impostos dos combust\u00edveis\u201d, afirmou Mauro Carlesse.<\/p>\n\n\n\n<p>Atualmente, o ICMS sobre combust\u00edveis deriva da autonomia dos Estados na defini\u00e7\u00e3o de al\u00edquotas e responde por, em m\u00e9dia,&nbsp;35% a 40% do total da arrecada\u00e7\u00e3o deste imposto no Tocantins. Dessa arrecada\u00e7\u00e3o, 25% do ICMS \u00e9 repassado aos munic\u00edpios.<\/p>\n\n\n\n<p>Na \u00faltima quarta-feira, 5, o presidente da Rep\u00fablica, Jair Bolsonaro, acenou com a possibilidade de zerar os tributos federais Programas de Integra\u00e7\u00e3o Social e de Forma\u00e7\u00e3o do Patrim\u00f4nio do Servidor P\u00fablico (PIS), Contribui\u00e7\u00e3o para o Financiamento da Seguridade Social (Cofins) e Contribui\u00e7\u00f5es de Interven\u00e7\u00e3o no Dom\u00ednio Econ\u00f4mico (Cide) que incidem sobre os combust\u00edveis caso os governadores fa\u00e7am o mesmo com o ICMS tamb\u00e9m aplicado ao setor.<\/p>\n\n\n\n<p>De acordo com o governador Mauro Carlesse, a proposta colocada em discuss\u00e3o pelo presidente da Rep\u00fablica \u00e9 interessante e deve ser analisada e debatida por todos os governadores do pa\u00eds.<\/p>\n","protected":false},"excerpt":{"rendered":"<p>O Governador do Tocantins, Mauro Carlesse, afirmou nesta segunda-feira, 10, que est\u00e1 disposto a discutir a redu\u00e7\u00e3o do Imposto sobre Circula\u00e7\u00e3o de Mercadorias e Servi\u00e7os (ICMS) nos f\u00f3runs institucionais adequados e com os estudos t\u00e9cnicos. \u201cO ICMS est\u00e1 previsto na Constitui\u00e7\u00e3o Federal como a principal receita dos Estados para a manuten\u00e7\u00e3o de servi\u00e7os essenciais \u00e0 [&hellip;]<\/p>\n","protected":false},"author":2,"featured_media":4852,"comment_status":"open","ping_status":"open","sticky":false,"template":"","format":"standard","meta":[],"categories":[4],"tags":[],"_links":{"self":[{"href":"https:\/\/dgospel.com.br\/portal\/index.php\/wp-json\/wp\/v2\/posts\/4851"}],"collection":[{"href":"https:\/\/dgospel.com.br\/portal\/index.php\/wp-json\/wp\/v2\/posts"}],"about":[{"href":"https:\/\/dgospel.com.br\/portal\/index.php\/wp-json\/wp\/v2\/types\/post"}],"author":[{"embeddable":true,"href":"https:\/\/dgospel.com.br\/portal\/index.php\/wp-json\/wp\/v2\/users\/2"}],"replies":[{"embeddable":true,"href":"https:\/\/dgospel.com.br\/portal\/index.php\/wp-json\/wp\/v2\/comments?post=4851"}],"version-history":[{"count":1,"href":"https:\/\/dgospel.com.br\/portal\/index.php\/wp-json\/wp\/v2\/posts\/4851\/revisions"}],"predecessor-version":[{"id":4853,"href":"https:\/\/dgospel.com.br\/portal\/index.php\/wp-json\/wp\/v2\/posts\/4851\/revisions\/4853"}],"wp:featuredmedia":[{"embeddable":true,"href":"https:\/\/dgospel.com.br\/portal\/index.php\/wp-json\/wp\/v2\/media\/4852"}],"wp:attachment":[{"href":"https:\/\/dgospel.com.br\/portal\/index.php\/wp-json\/wp\/v2\/media?parent=4851"}],"wp:term":[{"taxonomy":"category","embeddable":true,"href":"https:\/\/dgospel.com.br\/portal\/index.php\/wp-json\/wp\/v2\/categories?post=4851"},{"taxonomy":"post_tag","embeddable":true,"href":"https:\/\/dgospel.com.br\/portal\/index.php\/wp-json\/wp\/v2\/tags?post=4851"}],"curies":[{"name":"wp","href":"https:\/\/api.w.org\/{rel}","templated":true}]}}