{"id":4860,"date":"2020-02-11T11:07:33","date_gmt":"2020-02-11T14:07:33","guid":{"rendered":"http:\/\/dgospel.com.br\/portal\/?p=4860"},"modified":"2020-02-11T11:07:34","modified_gmt":"2020-02-11T14:07:34","slug":"secretaria-da-fazenda-e-planejamento-realiza-leilao-de-veiculos-e-mercadorias-em-palmas","status":"publish","type":"post","link":"https:\/\/dgospel.com.br\/portal\/index.php\/2020\/02\/11\/secretaria-da-fazenda-e-planejamento-realiza-leilao-de-veiculos-e-mercadorias-em-palmas\/","title":{"rendered":"Secretaria da Fazenda e Planejamento realiza leil\u00e3o de ve\u00edculos e mercadorias em Palmas"},"content":{"rendered":"\n<p>Um grande leil\u00e3o de ve\u00edculos usados e mercadorias diversas, promovido pelo Governo do Estado, por meio da Secretaria da Fazenda e Planejamento, vai movimentar o mercado tocantinense na pr\u00f3xima segunda-feira, 17. O leil\u00e3o ser\u00e1 no audit\u00f3rio do Comando Geral da Pol\u00edcia Militar, em Palmas, \u00e0s 9 horas.<\/p>\n\n\n\n<p>Os lotes a serem rematados est\u00e3o dispon\u00edveis \u00e0 visita\u00e7\u00e3o dos interessados no Anexo II da Secretaria Estadual da Fazenda e Planejamento, localizado \u00e0 avenida NS 10 , ao lado do Supermercado Makro, em Palmas, ou no site&nbsp;<a href=\"http:\/\/www.leiloesbrasil.com.br\/\" target=\"_blank\" rel=\"noreferrer noopener\">www.leiloesbrasil.com.br<\/a>, onde tamb\u00e9m pode ser baixado o edital com todas as regras do leil\u00e3o.<\/p>\n\n\n\n<p>O arremate ser\u00e1 pelo maior pre\u00e7o. O interessado, j\u00e1 sabendo qual o lote deseja, na hora do leil\u00e3o d\u00e1 o lance a partir do pre\u00e7o m\u00ednimo previsto para tal lote. S\u00e3o cerca de 594 ve\u00edculos entre motos, caminh\u00f5es, micro\u00f4nibus, tratores e carros de passeio.<\/p>\n\n\n\n<p>No rol das mercadorias podem ser encontrados produtos como colch\u00f5es, cama box, cabeceiras, fone de ouvido, pel\u00edculas, carregadores e fonte para celulares, receptor de sinal de TV e sementes de capim. Tais produtos foram apreendidos pelos fiscais da Receita Estadual por alguma irregularidade fiscal, n\u00e3o sendo recuperados pelos seus donos no prazo legal de 90 dias.<\/p>\n","protected":false},"excerpt":{"rendered":"<p>Um grande leil\u00e3o de ve\u00edculos usados e mercadorias diversas, promovido pelo Governo do Estado, por meio da Secretaria da Fazenda e Planejamento, vai movimentar o mercado tocantinense na pr\u00f3xima segunda-feira, 17. O leil\u00e3o ser\u00e1 no audit\u00f3rio do Comando Geral da Pol\u00edcia Militar, em Palmas, \u00e0s 9 horas. Os lotes a serem rematados est\u00e3o dispon\u00edveis \u00e0 [&hellip;]<\/p>\n","protected":false},"author":2,"featured_media":4861,"comment_status":"open","ping_status":"open","sticky":false,"template":"","format":"standard","meta":[],"categories":[3],"tags":[],"_links":{"self":[{"href":"https:\/\/dgospel.com.br\/portal\/index.php\/wp-json\/wp\/v2\/posts\/4860"}],"collection":[{"href":"https:\/\/dgospel.com.br\/portal\/index.php\/wp-json\/wp\/v2\/posts"}],"about":[{"href":"https:\/\/dgospel.com.br\/portal\/index.php\/wp-json\/wp\/v2\/types\/post"}],"author":[{"embeddable":true,"href":"https:\/\/dgospel.com.br\/portal\/index.php\/wp-json\/wp\/v2\/users\/2"}],"replies":[{"embeddable":true,"href":"https:\/\/dgospel.com.br\/portal\/index.php\/wp-json\/wp\/v2\/comments?post=4860"}],"version-history":[{"count":1,"href":"https:\/\/dgospel.com.br\/portal\/index.php\/wp-json\/wp\/v2\/posts\/4860\/revisions"}],"predecessor-version":[{"id":4862,"href":"https:\/\/dgospel.com.br\/portal\/index.php\/wp-json\/wp\/v2\/posts\/4860\/revisions\/4862"}],"wp:featuredmedia":[{"embeddable":true,"href":"https:\/\/dgospel.com.br\/portal\/index.php\/wp-json\/wp\/v2\/media\/4861"}],"wp:attachment":[{"href":"https:\/\/dgospel.com.br\/portal\/index.php\/wp-json\/wp\/v2\/media?parent=4860"}],"wp:term":[{"taxonomy":"category","embeddable":true,"href":"https:\/\/dgospel.com.br\/portal\/index.php\/wp-json\/wp\/v2\/categories?post=4860"},{"taxonomy":"post_tag","embeddable":true,"href":"https:\/\/dgospel.com.br\/portal\/index.php\/wp-json\/wp\/v2\/tags?post=4860"}],"curies":[{"name":"wp","href":"https:\/\/api.w.org\/{rel}","templated":true}]}}