{"id":4863,"date":"2020-02-12T21:50:02","date_gmt":"2020-02-13T00:50:02","guid":{"rendered":"http:\/\/dgospel.com.br\/portal\/?p=4863"},"modified":"2020-02-12T21:54:01","modified_gmt":"2020-02-13T00:54:01","slug":"christafari-sera-atracao-internacional-no-palmas-capital-da-fe-2020","status":"publish","type":"post","link":"https:\/\/dgospel.com.br\/portal\/index.php\/2020\/02\/12\/christafari-sera-atracao-internacional-no-palmas-capital-da-fe-2020\/","title":{"rendered":"Christafari ser\u00e1 atra\u00e7\u00e3o internacional no Palmas Capital da F\u00e9 2020"},"content":{"rendered":"\n<p>Com a tem\u00e1tica \u2018A Favor da Vida\u2019, a Prefeitura de Palmas, por meio da Ag\u00eancia Municipal de Turismo (Agtur), traz mais uma vez grandes nomes da m\u00fasica religiosa como banda Christafari, Pe. Reginaldo Manzotti, Aline Barros, Fernandinho, Priscila Alc\u00e2ntara, Cassiane, Gabriela R, dentre outros grandes nomes da m\u00fasica gospel nacional. E este ano, a festa come\u00e7a na sexta-feira, 21, e termina na ter\u00e7a, 05 de mar\u00e7o, na arena da Vila Ol\u00edmpica ao lado do Est\u00e1dio Nilton Santos. Todas as atra\u00e7\u00f5es foram anunciadas durante coletiva realizada no in\u00edcio da noite desta segunda-feira, 10.<br><\/p>\n\n\n\n<p>Embaladas ao ritmo do rock, reggae, sertanejo,&nbsp;<em>black music<\/em>, MPB, hip hop, ax\u00e9 e arrocha ser\u00e3o transmitidas mensagens de louvor, adora\u00e7\u00e3o, renova\u00e7\u00e3o da f\u00e9 e valoriza\u00e7\u00e3o da fam\u00edlia. As apresenta\u00e7\u00f5es iniciar\u00e3o sempre \u00e0s 20 horas, exceto na ter\u00e7a-feira, 05, que iniciar\u00e1 \u00e0s 19 horas. As apresenta\u00e7\u00f5es nacionais, que atraem o maior n\u00famero de p\u00fablico subir\u00e3o ao palco ap\u00f3s as 22 horas. Esse compromisso foi firmado pelo presidente da Agtur, Eudes Assis, com os organizadores dos eventos evang\u00e9licos e cat\u00f3licos, para que os jovens tanto possam participar dos congressos, quanto do Capital da F\u00e9.<\/p>\n\n\n\n<p>Para facilitar a organiza\u00e7\u00e3o e revezamento das bandas ser\u00e3o instalados dois palcos interligados. O circuito tamb\u00e9m contar\u00e1 com a Vila Gastron\u00f4mica com 40 estandes de comida, que ser\u00e3o divididos em dois t\u00faneis, sendo 20 em cada lado, al\u00e9m de estandes para venda de artigos religiosos, 10 espa\u00e7os cobertos com tendas para&nbsp;<em>food trucks<\/em>, al\u00e9m de cinco espa\u00e7os distribu\u00eddos em todo o circuito, com autoriza\u00e7\u00e3o para venda de churros, pipocas, algod\u00e3o doce e bebidas enlatadas. Dentro do circuito n\u00e3o ser\u00e1 permitida a venda de bebida alco\u00f3lica.<\/p>\n\n\n\n<p>A religiosa da unidade Sementes do Verbo, irm\u00e3 Paulina, aguarda ansiosa o celebra\u00e7\u00e3o da sua f\u00e9. \u201cParticipo de todas as edi\u00e7\u00f5es da F\u00e9, \u00fanico evento do Brasil que em pleno Carnaval fala do amor de Deus. Estamos com expectativa enorme de participar dessa edi\u00e7\u00e3o, inclusive n\u00f3s estamos ansiosos em aguardar os&nbsp;<em>shows&nbsp;<\/em>cat\u00f3licos, Rosa de Sharom e o Padre Reginaldo Manzotti\u201d, disse ela.<\/p>\n\n\n\n<p>J\u00e1 para o evang\u00e9lico e cantor gospel Rubens Uchoa, a expectativa \u00e9 enorme. &nbsp;\u201cEu tive a honra de participar desde a primeira edi\u00e7\u00e3o, e a cada ano que passa a gente s\u00f3 v\u00ea que esse evento crescer, e esse ano vai ser muito aben\u00e7oado\u201d, disse o cantor.<\/p>\n\n\n\n<p>O presidente da Agtur destaca que a escolha das atra\u00e7\u00f5es levou em conta a opini\u00e3o dos representantes das religi\u00f5es cat\u00f3licas e evang\u00e9licas da cidade. \u201cOs seguimentos que trabalhamos no Capital da F\u00e9 foram escolhidos com essas pessoa,que n\u00f3s entendemos que vivem no dia a dia com esses grupos religiosos, pois o nosso objetivo \u00e9 trazer mais pessoas a nossa cidade, a fim de gerar desenvolvimento econ\u00f4mico por meio do turismo\u201d, ressaltou Assis.<\/p>\n\n\n\n<p>O gestor ainda ressalta que este \u00e9 um evento voltado para as fam\u00edlias, e que este ano ser\u00e1 ainda mais especial. &#8220;Neste ano a nossa expectativa \u00e9 a melhor poss\u00edvel de propiciar a todos que nos prestigiarem momentos de alegria, divers\u00e3o, paz, f\u00e9 e uni\u00e3o entre crian\u00e7as, jovens, adultos e idosos. Tenho a convic\u00e7\u00e3o que a edi\u00e7\u00e3o deste ano marcar\u00e1 Palmas\u201d.<\/p>\n\n\n\n<p>Christafari \u00e9 a maior banda de reggae crist\u00e3o, origin\u00e1ria dos Estados Unidos da Am\u00e9rica, fundada em 1989 pelo m\u00fasico, produtor e pastor Mark Mohr, um crist\u00e3o norte-americano renascido. Tem como meta difundir a mensagem crist\u00e3 aos rastaf\u00e1ris, mediante a m\u00fasica reggae.<\/p>\n\n\n\n<p><strong>Atra\u00e7\u00f5es<\/strong><\/p>\n\n\n\n<p><strong>DIA 21\/02 \u2013SEXTA &#8211; FEIRA<\/strong><\/p>\n\n\n\n<p>\u2022 Regional \u2013 Louve &amp; Adore \u2013 Gospel &nbsp;<\/p>\n\n\n\n<p>\u2022 Regional Mois\u00e9s di Carvalho \u2013 Gospel&nbsp; &nbsp;<\/p>\n\n\n\n<p>\u2022 Diego Fernandes \u2013 Cat\u00f3lico &nbsp;<\/p>\n\n\n\n<p>\u2022 DJ PV \u2013 Gospel<\/p>\n\n\n\n<p>\u2022 Fernandinho \u2013 Gospel &nbsp;<\/p>\n\n\n\n<p><strong>DIA 22\/02 \u2013S\u00c1BADO&nbsp;<\/strong>&nbsp;<\/p>\n\n\n\n<p>\u2022 Regional Cat\u00f3lico<\/p>\n\n\n\n<p>\u2022 Regional Rubens Uch\u00f4a<\/p>\n\n\n\n<p>\u2022 Jake Trevisan \u2013 Cat\u00f3lico<\/p>\n\n\n\n<p>\u2022 Dunga \u2013 Cat\u00f3lico &nbsp;<\/p>\n\n\n\n<p>\u2022 Gabriela Rocha \u2013 Gospel<\/p>\n\n\n\n<p>&nbsp;<strong>DIA 23\/02 &#8211; DOMINGO<\/strong><\/p>\n\n\n\n<p>\u2022 Leandro Borges \u2013 Gospel<\/p>\n\n\n\n<p>\u2022 Anjos de Resgate \u2013 Cat\u00f3lico&nbsp; &nbsp;<\/p>\n\n\n\n<p>\u2022 Sarah Farias \u2013 Gospel &nbsp;<\/p>\n\n\n\n<p>\u2022 Casa Worship \u2013 Gospel<\/p>\n\n\n\n<p>\u2022 Priscilla Alcantara \u2013 Gospel &nbsp;<\/p>\n\n\n\n<p>\u2022 DJ Kento \u2013 Gospel<\/p>\n\n\n\n<p>\u2022 Regional Vigilh\u00e3o da F\u00e9 \u2013 Gospel<\/p>\n\n\n\n<p><strong>DIA 24\/02 \u2013SEGUNDA FEIRA<\/strong><\/p>\n\n\n\n<p>\u2022 Regional Pe Geraldinho \u2013 Cat\u00f3lico<\/p>\n\n\n\n<p>\u2022 Adriana Arydes \u2013 Cat\u00f3lico<\/p>\n\n\n\n<p>\u2022 Pe. Reginaldo Manzotti \u2013 Cat\u00f3lico &nbsp;<\/p>\n\n\n\n<p>\u2022 Rosa de Saron \u2013 Cat\u00f3lico &nbsp;<\/p>\n\n\n\n<p>&nbsp;<strong>25\/02 \u2013TER\u00c7A FEIRA<\/strong><\/p>\n\n\n\n<p>\u2022 Regional Rosilene Martins<\/p>\n\n\n\n<p>\u2022 Sandro Nazireu \u2013 Gospel &nbsp;<\/p>\n\n\n\n<p>\u2022 Cassiane \u2013 Gospel&nbsp; &nbsp;<\/p>\n\n\n\n<p>\u2022 Christafari \u2013 Internacional Gospel\u2022 Aline Barros \u2013 Gospel&nbsp;\n\n<\/p>\n","protected":false},"excerpt":{"rendered":"<p>Com a tem\u00e1tica \u2018A Favor da Vida\u2019, a Prefeitura de Palmas, por meio da Ag\u00eancia Municipal de Turismo (Agtur), traz mais uma vez grandes nomes da m\u00fasica religiosa como banda Christafari, Pe. Reginaldo Manzotti, Aline Barros, Fernandinho, Priscila Alc\u00e2ntara, Cassiane, Gabriela R, dentre outros grandes nomes da m\u00fasica gospel nacional. E este ano, a festa [&hellip;]<\/p>\n","protected":false},"author":2,"featured_media":4866,"comment_status":"open","ping_status":"open","sticky":false,"template":"","format":"standard","meta":[],"categories":[3,5],"tags":[],"_links":{"self":[{"href":"https:\/\/dgospel.com.br\/portal\/index.php\/wp-json\/wp\/v2\/posts\/4863"}],"collection":[{"href":"https:\/\/dgospel.com.br\/portal\/index.php\/wp-json\/wp\/v2\/posts"}],"about":[{"href":"https:\/\/dgospel.com.br\/portal\/index.php\/wp-json\/wp\/v2\/types\/post"}],"author":[{"embeddable":true,"href":"https:\/\/dgospel.com.br\/portal\/index.php\/wp-json\/wp\/v2\/users\/2"}],"replies":[{"embeddable":true,"href":"https:\/\/dgospel.com.br\/portal\/index.php\/wp-json\/wp\/v2\/comments?post=4863"}],"version-history":[{"count":1,"href":"https:\/\/dgospel.com.br\/portal\/index.php\/wp-json\/wp\/v2\/posts\/4863\/revisions"}],"predecessor-version":[{"id":4865,"href":"https:\/\/dgospel.com.br\/portal\/index.php\/wp-json\/wp\/v2\/posts\/4863\/revisions\/4865"}],"wp:featuredmedia":[{"embeddable":true,"href":"https:\/\/dgospel.com.br\/portal\/index.php\/wp-json\/wp\/v2\/media\/4866"}],"wp:attachment":[{"href":"https:\/\/dgospel.com.br\/portal\/index.php\/wp-json\/wp\/v2\/media?parent=4863"}],"wp:term":[{"taxonomy":"category","embeddable":true,"href":"https:\/\/dgospel.com.br\/portal\/index.php\/wp-json\/wp\/v2\/categories?post=4863"},{"taxonomy":"post_tag","embeddable":true,"href":"https:\/\/dgospel.com.br\/portal\/index.php\/wp-json\/wp\/v2\/tags?post=4863"}],"curies":[{"name":"wp","href":"https:\/\/api.w.org\/{rel}","templated":true}]}}