{"id":4867,"date":"2020-02-12T22:10:56","date_gmt":"2020-02-13T01:10:56","guid":{"rendered":"http:\/\/dgospel.com.br\/portal\/?p=4867"},"modified":"2020-02-12T22:10:58","modified_gmt":"2020-02-13T01:10:58","slug":"falo-isso-com-orgulho-diz-bolsonaro-sobre-suas-declaracoes-de-fe-em-deus","status":"publish","type":"post","link":"https:\/\/dgospel.com.br\/portal\/index.php\/2020\/02\/12\/falo-isso-com-orgulho-diz-bolsonaro-sobre-suas-declaracoes-de-fe-em-deus\/","title":{"rendered":"\u201cFalo isso com orgulho\u201d, diz Bolsonaro sobre suas declara\u00e7\u00f5es de f\u00e9 em Deus"},"content":{"rendered":"\n<p>A segunda parte da entrevista que o pastor Silas Malafaia fez com o presidente Jair Bolsonaro foi publicada e mostrou avalia\u00e7\u00f5es que o mandat\u00e1rio faz de si mesmo e de seu governo. Ciente de que h\u00e1 situa\u00e7\u00f5es a serem aprimoradas, deixou transparecer que se sentiu tra\u00eddo por parlamentares que abandonaram sua base de apoio.<\/p>\n\n\n\n<p>Malafaia conversou com Bolsonaro no Pal\u00e1cio do Planalto e na primeira parte do encontro, o presidente afirmou que Deus tem dado a ele mais do que sabedoria,&nbsp;<a href=\"https:\/\/noticias.gospelmais.com.br\/sabedoria-deus-resistencia-coragem-bolsonaro-130248.html\"><strong>municiando-o com resist\u00eancia e coragem<\/strong><\/a>.<\/p>\n\n\n\n<p>Entretanto, o pr\u00f3prio presidente admite que os percal\u00e7os n\u00e3o s\u00e3o poucos: \u201cN\u00e3o est\u00e1 sendo f\u00e1cil para mim e para minha fam\u00edlia. Mas tem um lado que eu botei na minha cabe\u00e7a: \u00e9 uma miss\u00e3o de Deus. Ponto final. Vamos cumpri-la. N\u00e3o adianta, por livre e espont\u00e2nea vontade, n\u00e3o saio daqui. E pelo que tudo indica, o Parlamento entendeu\u201d, disse.<\/p>\n\n\n\n<p>Bolsonaro fez quest\u00e3o de enfatizar que a Rep\u00fablica est\u00e1 em pleno funcionamento e que os poucos atritos ocorridos fazem parte do exerc\u00edcio da fun\u00e7\u00e3o, uma vez que h\u00e1 muitos interesses e objetivos que precisam ser conciliados.<\/p>\n\n\n\n\n\n<p>\u201cTenho boas amizades no Parlamento. O Poder Judici\u00e1rio que \u00e9 criticado, tamb\u00e9m tenho boas amizades. Converso com os chefes de todos os poderes, isso \u00e9 funcional. Tenho tamb\u00e9m o prazer de conversar com eles, trocamos ideias, alguma coisa que a gente consiga influenciar, outras eles conseguem influenciar\u2026 Somos seres humanos. Se o pastor erra, porque eu que n\u00e3o sou pastor, n\u00e3o sou padre, n\u00e3o vou errar?\u201d, questionou.<\/p>\n\n\n\n<p>Sobre a postura adotada por parlamentares que foram eleitos em sua coliga\u00e7\u00e3o e abandonaram a base de apoio, o presidente lamentou: \u201cA ingratid\u00e3o \u00e9 terr\u00edvel. Pessoas que n\u00e3o poderiam se eleger vereadores no Brasil, s\u00e3o [deputados] federais com 200 mil votos e\u2026 Levei uma facada do Ad\u00e9lio e agora mais de uma dezena dentro da C\u00e2mara de gente que eu elegi\u201d.<\/p>\n\n\n\n<p>\u201cQuero dizer que ningu\u00e9m faz nada sozinho. Precisamos ter pessoas ao nosso lado. Voc\u00eas t\u00eam um governo agora que valoriza a fam\u00edlia, reconhece os seus militares, \u00e9 leal ao seu povo e acredita em Deus. Falo isso com orgulho, com satisfa\u00e7\u00e3o. Mudou o Brasil\u201d, comentou, pedindo que a popula\u00e7\u00e3o continue fiscalizando as diferentes esferas do poder.<\/p>\n\n\n\n<p>Bolsonaro acredita que sua equipe est\u00e1 bem montada e fez elogio \u00e0 ministra da Mulher, Fam\u00edlia e Direitos Humanos: \u201cTemos pessoas maravilhosas ao meu lado. Vou citar s\u00f3 uma: Damares [Alves]. \u00c9 o minist\u00e9rio mais complicado o dela, tendo em vista o grau de aparelhamento e os problemas que tinha. Est\u00e1 mudando. Estamos mudando a Cultura, nossa agricultura est\u00e1 fazendo sucesso no mundo todo. Economia, Turismo, Infraestrutura\u201d, enumerou.AN\u00daNCIO<\/p>\n\n\n\n\n\n<p>\u201cA quest\u00e3o ambiental era tratada de forma xiita no Brasil. Est\u00e1 mudando. Agora, o que a gente precisa de voc\u00eas \u00e9 que entendam realmente, procure saber a verdade para poder dizer, n\u00e3o da boca para fora, mas do cora\u00e7\u00e3o, que o Brasil tem como dar certo e vai dar certo, porque somos um pa\u00eds crist\u00e3o, estamos num Estado laico, mas o seu presidente acredita em Deus com todas as suas for\u00e7as\u201d, acrescentou.<\/p>\n\n\n\n<p>Ao final, o presidente compartilhou um desejo pessoal: \u201cMeu sonho \u00e9 entregar a presid\u00eancia no futuro a algu\u00e9m que vai me suceder, entregar o Brasil bem, mas bem melhor do que eu recebi\u201d.<\/p>\n","protected":false},"excerpt":{"rendered":"<p>A segunda parte da entrevista que o pastor Silas Malafaia fez com o presidente Jair Bolsonaro foi publicada e mostrou avalia\u00e7\u00f5es que o mandat\u00e1rio faz de si mesmo e de seu governo. Ciente de que h\u00e1 situa\u00e7\u00f5es a serem aprimoradas, deixou transparecer que se sentiu tra\u00eddo por parlamentares que abandonaram sua base de apoio. Malafaia [&hellip;]<\/p>\n","protected":false},"author":2,"featured_media":4868,"comment_status":"open","ping_status":"open","sticky":false,"template":"","format":"standard","meta":[],"categories":[5,6],"tags":[],"_links":{"self":[{"href":"https:\/\/dgospel.com.br\/portal\/index.php\/wp-json\/wp\/v2\/posts\/4867"}],"collection":[{"href":"https:\/\/dgospel.com.br\/portal\/index.php\/wp-json\/wp\/v2\/posts"}],"about":[{"href":"https:\/\/dgospel.com.br\/portal\/index.php\/wp-json\/wp\/v2\/types\/post"}],"author":[{"embeddable":true,"href":"https:\/\/dgospel.com.br\/portal\/index.php\/wp-json\/wp\/v2\/users\/2"}],"replies":[{"embeddable":true,"href":"https:\/\/dgospel.com.br\/portal\/index.php\/wp-json\/wp\/v2\/comments?post=4867"}],"version-history":[{"count":1,"href":"https:\/\/dgospel.com.br\/portal\/index.php\/wp-json\/wp\/v2\/posts\/4867\/revisions"}],"predecessor-version":[{"id":4869,"href":"https:\/\/dgospel.com.br\/portal\/index.php\/wp-json\/wp\/v2\/posts\/4867\/revisions\/4869"}],"wp:featuredmedia":[{"embeddable":true,"href":"https:\/\/dgospel.com.br\/portal\/index.php\/wp-json\/wp\/v2\/media\/4868"}],"wp:attachment":[{"href":"https:\/\/dgospel.com.br\/portal\/index.php\/wp-json\/wp\/v2\/media?parent=4867"}],"wp:term":[{"taxonomy":"category","embeddable":true,"href":"https:\/\/dgospel.com.br\/portal\/index.php\/wp-json\/wp\/v2\/categories?post=4867"},{"taxonomy":"post_tag","embeddable":true,"href":"https:\/\/dgospel.com.br\/portal\/index.php\/wp-json\/wp\/v2\/tags?post=4867"}],"curies":[{"name":"wp","href":"https:\/\/api.w.org\/{rel}","templated":true}]}}