{"id":4876,"date":"2020-02-14T11:41:58","date_gmt":"2020-02-14T14:41:58","guid":{"rendered":"http:\/\/dgospel.com.br\/portal\/?p=4876"},"modified":"2020-02-14T11:42:00","modified_gmt":"2020-02-14T14:42:00","slug":"marcha-para-satanas-acontecera-em-belo-horizonte-com-apelo-ao-estado-laico","status":"publish","type":"post","link":"https:\/\/dgospel.com.br\/portal\/index.php\/2020\/02\/14\/marcha-para-satanas-acontecera-em-belo-horizonte-com-apelo-ao-estado-laico\/","title":{"rendered":"Marcha para Satan\u00e1s acontecer\u00e1 em Belo Horizonte com apelo ao \u201cEstado laico\u201d"},"content":{"rendered":"\n<p>\u201cSe as portas da pol\u00edtica p\u00fablica est\u00e3o abertas pra uma religi\u00e3o, t\u00eam que estar abertas para todas. Se vai ter Jesus nas escolas p\u00fablicas, vai ter Satan\u00e1s nas escolas p\u00fablicas.\u201d Essa \u00e9 a justificativa para a realiza\u00e7\u00e3o da&nbsp;<strong><a href=\"https:\/\/guiame.com.br\/gospel\/noticias\/marcha-para-satanas-acontecera-no-mesmo-dia-da-marcha-para-jesus-em-sp.html\">\u2018Marcha para Satan\u00e1s\u2019<\/a><\/strong>, prevista para o dia 29 de mar\u00e7o, em Belo Horizonte, de acordo com o organizador do evento.<\/p>\n\n\n\n<p>Ele afirma que a marcha \u00e9 inspirada em movimentos como o&nbsp;<strong><a href=\"https:\/\/guiame.com.br\/gospel\/noticias\/pastor-critica-monumento-satanas-erguido-ao-lado-de-simbolos-cristaos-natalinos-inaceitavel.html\">Templo Sat\u00e2nico<\/a><\/strong>&nbsp;e a Global Order of Satan, mas que o objetivo principal n\u00e3o \u00e9 confrontar diretamente os crist\u00e3os, mas sim unir pessoas que se identificam com a causa.<\/p>\n\n\n\n<p>Os organizadores dizem que pretendem demonstrar que o estado \u00e9 laico.<\/p>\n\n\n\n<p>\u201cEm que pese o direito constitucional de liberdade de express\u00e3o e liberdade religiosa, como crist\u00e3o eu vejo essa manifesta\u00e7\u00e3o como algo in\u00f3cuo, sem o menor sentido, uma vez que o estado j\u00e1 \u00e9 laico\u201d, opina o Pr. Carlos Roberto Cruvinel, diretor do diretor da Escola Teol\u00f3gica Pr. Virg\u00edlio dos Santos Rodrigues.<\/p>\n\n\n\n<p>O pastor diz ainda que \u201co que me parece \u00e9 que esse grupo, na verdade, quer chamar a aten\u00e7\u00e3o sem nenhum objetivo pr\u00e1tico, sem nenhuma conclus\u00e3o pr\u00e1tica, j\u00e1 que o estado sem religi\u00e3o j\u00e1 existe\u201d.<\/p>\n\n\n\n<p>Cruvinel diz ainda que \u201co grande perigo \u00e9 que eles est\u00e3o aliando a quest\u00e3o de Satan\u00e1s ao que eles consideram minorias, segundo o que informam na divulga\u00e7\u00e3o do evento\u201d.<\/p>\n\n\n\n<p>A advogada crist\u00e3 Patr\u00edcia Alonso diz que \u201cem contraponto ao Diabo sempre quem ser\u00e1 exaltado ser\u00e1 o Todo-Poderoso, o grande Eu Sou, o El Shadday, O \u2018Eu Sou o que Sou\u2019\u201d.<\/p>\n\n\n\n<p>Ela remete \u00e0 hist\u00f3ria, apontando que \u201cMartinho Lutero disse que at\u00e9 \u2018o diabo \u00e9 o diabo de Deus\u2019, ao demonstrar em sua tese teol\u00f3gica, que o pr\u00f3prio diabo est\u00e1 submetido \u00e0 vontade de Deus e a Sua permissividade\u201d.<\/p>\n\n\n\n<p>\u201cPara mim, a manifesta\u00e7\u00e3o em quest\u00e3o, e a inten\u00e7\u00e3o \u00e0 qual se destina, est\u00e1 demonstrado claramente que LAICISMO sempre se destr\u00f3i em ideologia INTOLERANTE\u201d, conclui a advogada.<\/p>\n\n\n\n<p>\n\nFONTE: GUIAME, COM INFORMA\u00c7\u00d5ES DO BHAZ\n\n<\/p>\n","protected":false},"excerpt":{"rendered":"<p>\u201cSe as portas da pol\u00edtica p\u00fablica est\u00e3o abertas pra uma religi\u00e3o, t\u00eam que estar abertas para todas. Se vai ter Jesus nas escolas p\u00fablicas, vai ter Satan\u00e1s nas escolas p\u00fablicas.\u201d Essa \u00e9 a justificativa para a realiza\u00e7\u00e3o da&nbsp;\u2018Marcha para Satan\u00e1s\u2019, prevista para o dia 29 de mar\u00e7o, em Belo Horizonte, de acordo com o organizador [&hellip;]<\/p>\n","protected":false},"author":2,"featured_media":4877,"comment_status":"open","ping_status":"open","sticky":false,"template":"","format":"standard","meta":[],"categories":[10,6],"tags":[],"_links":{"self":[{"href":"https:\/\/dgospel.com.br\/portal\/index.php\/wp-json\/wp\/v2\/posts\/4876"}],"collection":[{"href":"https:\/\/dgospel.com.br\/portal\/index.php\/wp-json\/wp\/v2\/posts"}],"about":[{"href":"https:\/\/dgospel.com.br\/portal\/index.php\/wp-json\/wp\/v2\/types\/post"}],"author":[{"embeddable":true,"href":"https:\/\/dgospel.com.br\/portal\/index.php\/wp-json\/wp\/v2\/users\/2"}],"replies":[{"embeddable":true,"href":"https:\/\/dgospel.com.br\/portal\/index.php\/wp-json\/wp\/v2\/comments?post=4876"}],"version-history":[{"count":1,"href":"https:\/\/dgospel.com.br\/portal\/index.php\/wp-json\/wp\/v2\/posts\/4876\/revisions"}],"predecessor-version":[{"id":4878,"href":"https:\/\/dgospel.com.br\/portal\/index.php\/wp-json\/wp\/v2\/posts\/4876\/revisions\/4878"}],"wp:featuredmedia":[{"embeddable":true,"href":"https:\/\/dgospel.com.br\/portal\/index.php\/wp-json\/wp\/v2\/media\/4877"}],"wp:attachment":[{"href":"https:\/\/dgospel.com.br\/portal\/index.php\/wp-json\/wp\/v2\/media?parent=4876"}],"wp:term":[{"taxonomy":"category","embeddable":true,"href":"https:\/\/dgospel.com.br\/portal\/index.php\/wp-json\/wp\/v2\/categories?post=4876"},{"taxonomy":"post_tag","embeddable":true,"href":"https:\/\/dgospel.com.br\/portal\/index.php\/wp-json\/wp\/v2\/tags?post=4876"}],"curies":[{"name":"wp","href":"https:\/\/api.w.org\/{rel}","templated":true}]}}