{"id":488,"date":"2018-06-07T15:30:17","date_gmt":"2018-06-07T18:30:17","guid":{"rendered":"http:\/\/dgospel.com.br\/portal\/?p=488"},"modified":"2018-06-07T15:30:17","modified_gmt":"2018-06-07T18:30:17","slug":"pastor-morre-abracado-ao-pulpito-durante-erupcao-vulcanica-na-guatemala","status":"publish","type":"post","link":"https:\/\/dgospel.com.br\/portal\/index.php\/2018\/06\/07\/pastor-morre-abracado-ao-pulpito-durante-erupcao-vulcanica-na-guatemala\/","title":{"rendered":"Pastor morre abra\u00e7ado ao p\u00falpito durante erup\u00e7\u00e3o vulc\u00e2nica na Guatemala"},"content":{"rendered":"<p>A erup\u00e7\u00e3o do Vulc\u00e3o de Fogo na Guatemala deixou milhares de pessoas evacuadas, 46 feridos e ao menos 75 mortos, at\u00e9 o momento. Dentre eles est\u00e1 um pastor que foi encontrado em sua igreja e outros dois l\u00edderes crist\u00e3os da regi\u00e3o.<\/p>\n<p>O pastor Camilo Pamal morreu abra\u00e7ado ao p\u00falpito da<em>\u00a0Igreja Mission\u00e1ria da aldeia El Rodeo Los Lotes<\/em>. Apenas duas pessoas de sua fam\u00edlia sobreviveram aos danos causados pela erup\u00e7\u00e3o vulc\u00e2nica, de acordo com Marly De Armas, porta-voz do minist\u00e9rio Casa de Deus.<\/p>\n<p>Os sobreviventes da fam\u00edlia do pastor est\u00e3o sendo acompanhados por uma psic\u00f3loga identificada como Martha. Mesmo sendo cat\u00f3lica, ela afirmou ter visto \u201cempatia e amor das pessoas quebrando as barreiras religiosas desnecess\u00e1rios que o mundo colocou\u201d.<\/p>\n<p>Atualmente, o minist\u00e9rio da Casa de Deus est\u00e1 recrutando equipes de resgate e psic\u00f3logos para atender os abrigos onde as pessoas est\u00e3o em estado de choque. \u201cEla olham para voc\u00ea e n\u00e3o conseguem falar\u201d, relata o pastor Cash Luna.<\/p>\n<p>O n\u00famero de desaparecidos devido \u00e0 erup\u00e7\u00e3o do Vulc\u00e3o do Fogo ainda n\u00e3o foi fechado. A trag\u00e9dia deixa 3.271 evacuados e 1.877 abrigados nos departamentos de Escuintla (sul), Sacatep\u00e9quez (oeste) e Chimaltenango (oeste), que s\u00e3o os mais afetados pela erup\u00e7\u00e3o vulc\u00e2nica, segundo a Coordenadoria para a Redu\u00e7\u00e3o de Desastres (Conred).<\/p>\n<p>No domingo, o Vulc\u00e3o de Fogo, que fica a 3.763 metros de altura, situado a cerca de 50 km da capital, teve a sua mais forte erup\u00e7\u00e3o desde 1974. Mais de 3 mil tiveram que deixar suas casas e 1,7 milh\u00e3o de pessoas foram afetadas.<\/p>\n<p>Uma forte explos\u00e3o estremeceu novamente nesta ter\u00e7a-feira (5) as zonas devastadas pela erup\u00e7\u00e3o e obrigou as equipes de resgate a interromperem as opera\u00e7\u00f5es. Sete comunidades foram esvaziadas pelo aumento da atividade vulc\u00e2nica.<\/p>\n<p>A cinza lan\u00e7ada pelo monte atingiu os 10.000 metros de altura acima do n\u00edvel do mar e cobriu v\u00e1rias cidades. Imagens do desastre mostram corpos no ch\u00e3o, assim como ve\u00edculos e casas destru\u00eddos pela erup\u00e7\u00e3o.<\/p>\n<p><strong>Fonte: Guia-me \/ com informa\u00e7\u00f5es de Mundo Cristiano e G1<\/strong><\/p>\n","protected":false},"excerpt":{"rendered":"<p>A erup\u00e7\u00e3o do Vulc\u00e3o de Fogo na Guatemala deixou milhares de pessoas evacuadas, 46 feridos e ao menos 75 mortos, at\u00e9 o momento. Dentre eles est\u00e1 um pastor que foi encontrado em sua igreja e outros dois l\u00edderes crist\u00e3os da regi\u00e3o. O pastor Camilo Pamal morreu abra\u00e7ado ao p\u00falpito da\u00a0Igreja Mission\u00e1ria da aldeia El Rodeo [&hellip;]<\/p>\n","protected":false},"author":2,"featured_media":489,"comment_status":"open","ping_status":"open","sticky":false,"template":"","format":"standard","meta":[],"categories":[2,10,5],"tags":[],"_links":{"self":[{"href":"https:\/\/dgospel.com.br\/portal\/index.php\/wp-json\/wp\/v2\/posts\/488"}],"collection":[{"href":"https:\/\/dgospel.com.br\/portal\/index.php\/wp-json\/wp\/v2\/posts"}],"about":[{"href":"https:\/\/dgospel.com.br\/portal\/index.php\/wp-json\/wp\/v2\/types\/post"}],"author":[{"embeddable":true,"href":"https:\/\/dgospel.com.br\/portal\/index.php\/wp-json\/wp\/v2\/users\/2"}],"replies":[{"embeddable":true,"href":"https:\/\/dgospel.com.br\/portal\/index.php\/wp-json\/wp\/v2\/comments?post=488"}],"version-history":[{"count":1,"href":"https:\/\/dgospel.com.br\/portal\/index.php\/wp-json\/wp\/v2\/posts\/488\/revisions"}],"predecessor-version":[{"id":490,"href":"https:\/\/dgospel.com.br\/portal\/index.php\/wp-json\/wp\/v2\/posts\/488\/revisions\/490"}],"wp:featuredmedia":[{"embeddable":true,"href":"https:\/\/dgospel.com.br\/portal\/index.php\/wp-json\/wp\/v2\/media\/489"}],"wp:attachment":[{"href":"https:\/\/dgospel.com.br\/portal\/index.php\/wp-json\/wp\/v2\/media?parent=488"}],"wp:term":[{"taxonomy":"category","embeddable":true,"href":"https:\/\/dgospel.com.br\/portal\/index.php\/wp-json\/wp\/v2\/categories?post=488"},{"taxonomy":"post_tag","embeddable":true,"href":"https:\/\/dgospel.com.br\/portal\/index.php\/wp-json\/wp\/v2\/tags?post=488"}],"curies":[{"name":"wp","href":"https:\/\/api.w.org\/{rel}","templated":true}]}}