{"id":4888,"date":"2020-02-14T11:58:07","date_gmt":"2020-02-14T14:58:07","guid":{"rendered":"http:\/\/dgospel.com.br\/portal\/?p=4888"},"modified":"2020-02-14T11:58:08","modified_gmt":"2020-02-14T14:58:08","slug":"ccj-analisa-projeto-que-institui-dia-de-defesa-dos-direitos-da-pessoa-com-epilepsia","status":"publish","type":"post","link":"https:\/\/dgospel.com.br\/portal\/index.php\/2020\/02\/14\/ccj-analisa-projeto-que-institui-dia-de-defesa-dos-direitos-da-pessoa-com-epilepsia\/","title":{"rendered":"CCJ analisa projeto que institui dia de defesa dos direitos da pessoa com epilepsia"},"content":{"rendered":"\n<p>A Mesa Diretora da Assembleia Legislativa encaminhou nesta quarta-feira, 12, \u00e0 Comiss\u00e3o de Constitui\u00e7\u00e3o, Justi\u00e7a e Reda\u00e7\u00e3o (CCJ) projeto de lei do presidente da Assembleia Legislativa, deputado Antonio Andrade (PTB), instituindo o Dia Estadual de Defesa dos Direitos da Pessoa com Epilepsia. Se aprovado nas comiss\u00f5es e pelo plen\u00e1rio da Casa, a celebra\u00e7\u00e3o ser\u00e1 no 26 de mar\u00e7o de cada ano, data que coincide com as celebra\u00e7\u00f5es em todo o mundo.<br><\/p>\n\n\n\n<p>Epilepsia \u00e9 uma altera\u00e7\u00e3o neurol\u00f3gica caracterizada por descargas el\u00e9tricas excessivas. As crises podem se manifestar com convuls\u00f5es que variam entre breves lapsos de aten\u00e7\u00e3o e contra\u00e7\u00f5es musculares at\u00e9 epis\u00f3dios prolongados e severos e pode manifestar em qualquer pessoa, independentemente da faixa et\u00e1ria.<\/p>\n\n\n\n<p>\u00c9 um dos dist\u00farbios mais comuns do sistema nervoso, acometendo aproximadamente uma em cada 100 pessoas. \u201cTais caracter\u00edsticas levam ao preconceito da sociedade, sendo necess\u00e1rio que se instaure no Estado, o dia 26 de mar\u00e7o, que \u00e9 celebrado no mundo inteiro, como s\u00edmbolo de conscientiza\u00e7\u00e3o sobre a doen\u00e7a e combate ao preconceito\u201d, defende Andrade.<\/p>\n\n\n\n<p>Tamb\u00e9m do presidente foi enviado \u00e0 Comiss\u00e3o de Constitui\u00e7\u00e3o e Justi\u00e7a, proposta que concede T\u00edtulo de Cidad\u00e3o Tocantinense ao empres\u00e1rio e ex-senador do Estado do Piau\u00ed, Jo\u00e3o Vicente Claudino, que mant\u00e9m suas atividades no Tocantins por meio das lojas do Armaz\u00e9m Para\u00edba.<\/p>\n\n\n\n<p><strong>Estadualiza\u00e7\u00e3o de vicinal<\/strong><\/p>\n\n\n\n<p>Projeto do deputado Jair Farias (MDB), tamb\u00e9m encaminhado \u00e0 CCJ, disp\u00f5e sobre a estadualiza\u00e7\u00e3o da estrada vicinal que liga a TO-415 \u00e0 TO-134, numa extens\u00e3o de aproximadamente 25 KM. Conhecida como Transbico, a rodovia beneficia o munic\u00edpio de Santa Terezinha, passando pelos povoados Fortuna e do Mam\u00e3o.<\/p>\n\n\n\n<p>O parlamentar afirma que devido a indisponibilidade financeira do munic\u00edpio para manuten\u00e7\u00e3o e pavimenta\u00e7\u00e3o da via, a popula\u00e7\u00e3o produtora tem sofrido para escoar a produ\u00e7\u00e3o. \u201cA estadualiza\u00e7\u00e3o da via trar\u00e1 mais seguran\u00e7a no transporte escolar, no tr\u00e1fego em geral, entre outros benef\u00edcios \u00e0 popula\u00e7\u00e3o da regi\u00e3o\u201d, afirma Jair.<\/p>\n\n\n\n<p>O emedebista prop\u00f5e tamb\u00e9m declarar de Utilidade P\u00fablica Estadual a Associa\u00e7\u00e3o dos Militares da Regi\u00e3o de Dian\u00f3polis \u2013 Asmird e a concess\u00e3o de T\u00edtulo de Cidad\u00e3o Tocantinense ao juiz de Direito Jefferson David Azevedo Ramos.<\/p>\n","protected":false},"excerpt":{"rendered":"<p>A Mesa Diretora da Assembleia Legislativa encaminhou nesta quarta-feira, 12, \u00e0 Comiss\u00e3o de Constitui\u00e7\u00e3o, Justi\u00e7a e Reda\u00e7\u00e3o (CCJ) projeto de lei do presidente da Assembleia Legislativa, deputado Antonio Andrade (PTB), instituindo o Dia Estadual de Defesa dos Direitos da Pessoa com Epilepsia. Se aprovado nas comiss\u00f5es e pelo plen\u00e1rio da Casa, a celebra\u00e7\u00e3o ser\u00e1 no [&hellip;]<\/p>\n","protected":false},"author":2,"featured_media":4889,"comment_status":"open","ping_status":"open","sticky":false,"template":"","format":"standard","meta":[],"categories":[8],"tags":[],"_links":{"self":[{"href":"https:\/\/dgospel.com.br\/portal\/index.php\/wp-json\/wp\/v2\/posts\/4888"}],"collection":[{"href":"https:\/\/dgospel.com.br\/portal\/index.php\/wp-json\/wp\/v2\/posts"}],"about":[{"href":"https:\/\/dgospel.com.br\/portal\/index.php\/wp-json\/wp\/v2\/types\/post"}],"author":[{"embeddable":true,"href":"https:\/\/dgospel.com.br\/portal\/index.php\/wp-json\/wp\/v2\/users\/2"}],"replies":[{"embeddable":true,"href":"https:\/\/dgospel.com.br\/portal\/index.php\/wp-json\/wp\/v2\/comments?post=4888"}],"version-history":[{"count":1,"href":"https:\/\/dgospel.com.br\/portal\/index.php\/wp-json\/wp\/v2\/posts\/4888\/revisions"}],"predecessor-version":[{"id":4890,"href":"https:\/\/dgospel.com.br\/portal\/index.php\/wp-json\/wp\/v2\/posts\/4888\/revisions\/4890"}],"wp:featuredmedia":[{"embeddable":true,"href":"https:\/\/dgospel.com.br\/portal\/index.php\/wp-json\/wp\/v2\/media\/4889"}],"wp:attachment":[{"href":"https:\/\/dgospel.com.br\/portal\/index.php\/wp-json\/wp\/v2\/media?parent=4888"}],"wp:term":[{"taxonomy":"category","embeddable":true,"href":"https:\/\/dgospel.com.br\/portal\/index.php\/wp-json\/wp\/v2\/categories?post=4888"},{"taxonomy":"post_tag","embeddable":true,"href":"https:\/\/dgospel.com.br\/portal\/index.php\/wp-json\/wp\/v2\/tags?post=4888"}],"curies":[{"name":"wp","href":"https:\/\/api.w.org\/{rel}","templated":true}]}}