{"id":4891,"date":"2020-02-14T12:02:14","date_gmt":"2020-02-14T15:02:14","guid":{"rendered":"http:\/\/dgospel.com.br\/portal\/?p=4891"},"modified":"2020-02-14T12:02:15","modified_gmt":"2020-02-14T15:02:15","slug":"deputados-defendem-uniao-de-todos-contra-poluicao-do-lago","status":"publish","type":"post","link":"https:\/\/dgospel.com.br\/portal\/index.php\/2020\/02\/14\/deputados-defendem-uniao-de-todos-contra-poluicao-do-lago\/","title":{"rendered":"Deputados defendem uni\u00e3o de todos contra polui\u00e7\u00e3o do lago"},"content":{"rendered":"\n<p>Os deputados estaduais Elenil da Penha (MDB), Claudia Lelis (PV), Vanda Monteiro (PSL) e Luana Ribeiro (PSBD) defenderam nesta quinta-feira, 13, a participa\u00e7\u00e3o dos \u00f3rg\u00e3os de controle e da sociedade em geral no enfrentamento ao problema da polui\u00e7\u00e3o do lago da Usina de Lajeado, em Palmas.<br><\/p>\n\n\n\n<p>O convite \u00e0 participa\u00e7\u00e3o de todos pela preserva\u00e7\u00e3o do lago foi feito durante uma visita t\u00e9cnica da comiss\u00e3o especial, formada por seis deputados, para acompanhar den\u00fancias de despejo de esgoto&nbsp;<em>in natura&nbsp;<\/em>no Ribeir\u00e3o Taquaru\u00e7u, nas proximidades do setor Bertaville, regi\u00e3o sul da capital.<\/p>\n\n\n\n<p>Para a presidente da comiss\u00e3o, deputada Claudia Lelis, a busca de solu\u00e7\u00f5es para este e outros problemas enfrentados pelo lago s\u00f3 ser\u00e1 poss\u00edvel com a participa\u00e7\u00e3o de todos. \u201cNossa fun\u00e7\u00e3o ser\u00e1 reunir todos os \u00f3rg\u00e3os fiscalizadores, \u00f3rg\u00e3os ambientais respons\u00e1veis, C\u00e2mara Municipal e a comunidade em geral, para que, juntos, possamos achar solu\u00e7\u00e3o imediata para esse problema\u201d, disse.<\/p>\n\n\n\n<p><strong>Laborat\u00f3rio<\/strong><\/p>\n\n\n\n<p>Um dos problemas para a apura\u00e7\u00e3o e poss\u00edvel puni\u00e7\u00e3o dos respons\u00e1veis pela polui\u00e7\u00e3o, foi apontado pelo promotor de justi\u00e7a do ambiental de Palmas, F\u00e1bio Lang. Segundo ele, nem o munic\u00edpio de Palmas nem o Estado disp\u00f5em de laborat\u00f3rio credenciado para realizar testes com amostras da \u00e1gua do lago.<\/p>\n\n\n\n<p>Em entrevista \u00e0 imprensa, Claudia Lelis disse desconhecer o valor necess\u00e1rio para a contrata\u00e7\u00e3o de um laborat\u00f3rio especializado para tal fim, mas garantiu que tanto os deputados quanto os vereadores da capital est\u00e3o dispostos a contribuir \u2013 por meio de emendas parlamentares.<\/p>\n\n\n\n<p><strong>BRK<\/strong><\/p>\n\n\n\n<p>Para F\u00e1bio Lang, a BRK Ambiental \u2013 concession\u00e1ria de \u00e1gua e tratamento de esgoto \u2013 precisa oferecer aos tocantinenses o mesmo tratamento dado pela empresa aos consumidores canadenses, onde fica a sede do grupo Brookfield, do qual a BRK faz parte.<\/p>\n\n\n\n<p>\u201cMas a BRK n\u00e3o \u00e9 a \u00fanica respons\u00e1vel; existem micro parcelamentos na regi\u00e3o do Taquaru\u00e7u Grande, como ch\u00e1caras nas quais existem galinheiros, pocilgas que despejam dejetos diretamente na \u00e1gua, sem nenhum tratamento\u201d, ponderou.<\/p>\n\n\n\n<p><strong>ETE<\/strong><\/p>\n\n\n\n<p>Os deputados visitaram tamb\u00e9m uma Esta\u00e7\u00e3o de Tratamento de Esgoto (ETE), localizada no Bertaville. Alvo de reclama\u00e7\u00e3o dos moradores da regi\u00e3o, o local poder\u00e1 ser investigado pelos parlamentes e por \u00f3rg\u00e3os ambientais, que pretendem descobrir se ele \u00e9 o respons\u00e1vel pelo vazamento de esgoto sem tratamento no ribeir\u00e3o.<\/p>\n\n\n\n<p><strong>Participantes<\/strong><\/p>\n\n\n\n<p>Al\u00e9m dos deputados estaduais e do promotor de justi\u00e7a, tamb\u00e9m visitaram os dois locais os vereadores de Palmas Jos\u00e9 do Lago Folha (PSB), Felipe Fernandes (DC) e Major Negreiros (PSB), a secret\u00e1ria municipal do Meio Ambiente, Meire Carreira, agentes da Pol\u00edcia Civil, lideran\u00e7as e moradores da regi\u00e3o. &nbsp;<\/p>\n\n\n\n<p><strong>Outros assuntos<\/strong><\/p>\n\n\n\n<p>Os deputados aprovaram ainda o requerimento do deputado Am\u00e9lio Cayres (SDD) que solicita ao Governo do Estado a implanta\u00e7\u00e3o de cursos de medicina e fisioterapia no campus da Unitins em Augustin\u00f3polis.<\/p>\n\n\n\n<p>J\u00e1 a parlamentar Luana Ribeiro (PSDB), solicita \u00e0s secretarias de Estado de Seguran\u00e7a P\u00fablica e Cidadania e Justi\u00e7a isonomia entre policiais militares e bombeiros e agentes de execu\u00e7\u00e3o penal quanto \u00e0 isen\u00e7\u00e3o de pagamento no transporte municipal.<\/p>\n","protected":false},"excerpt":{"rendered":"<p>Os deputados estaduais Elenil da Penha (MDB), Claudia Lelis (PV), Vanda Monteiro (PSL) e Luana Ribeiro (PSBD) defenderam nesta quinta-feira, 13, a participa\u00e7\u00e3o dos \u00f3rg\u00e3os de controle e da sociedade em geral no enfrentamento ao problema da polui\u00e7\u00e3o do lago da Usina de Lajeado, em Palmas. O convite \u00e0 participa\u00e7\u00e3o de todos pela preserva\u00e7\u00e3o do [&hellip;]<\/p>\n","protected":false},"author":2,"featured_media":4892,"comment_status":"open","ping_status":"open","sticky":false,"template":"","format":"standard","meta":[],"categories":[8],"tags":[],"_links":{"self":[{"href":"https:\/\/dgospel.com.br\/portal\/index.php\/wp-json\/wp\/v2\/posts\/4891"}],"collection":[{"href":"https:\/\/dgospel.com.br\/portal\/index.php\/wp-json\/wp\/v2\/posts"}],"about":[{"href":"https:\/\/dgospel.com.br\/portal\/index.php\/wp-json\/wp\/v2\/types\/post"}],"author":[{"embeddable":true,"href":"https:\/\/dgospel.com.br\/portal\/index.php\/wp-json\/wp\/v2\/users\/2"}],"replies":[{"embeddable":true,"href":"https:\/\/dgospel.com.br\/portal\/index.php\/wp-json\/wp\/v2\/comments?post=4891"}],"version-history":[{"count":1,"href":"https:\/\/dgospel.com.br\/portal\/index.php\/wp-json\/wp\/v2\/posts\/4891\/revisions"}],"predecessor-version":[{"id":4893,"href":"https:\/\/dgospel.com.br\/portal\/index.php\/wp-json\/wp\/v2\/posts\/4891\/revisions\/4893"}],"wp:featuredmedia":[{"embeddable":true,"href":"https:\/\/dgospel.com.br\/portal\/index.php\/wp-json\/wp\/v2\/media\/4892"}],"wp:attachment":[{"href":"https:\/\/dgospel.com.br\/portal\/index.php\/wp-json\/wp\/v2\/media?parent=4891"}],"wp:term":[{"taxonomy":"category","embeddable":true,"href":"https:\/\/dgospel.com.br\/portal\/index.php\/wp-json\/wp\/v2\/categories?post=4891"},{"taxonomy":"post_tag","embeddable":true,"href":"https:\/\/dgospel.com.br\/portal\/index.php\/wp-json\/wp\/v2\/tags?post=4891"}],"curies":[{"name":"wp","href":"https:\/\/api.w.org\/{rel}","templated":true}]}}