{"id":4894,"date":"2020-02-14T13:06:28","date_gmt":"2020-02-14T16:06:28","guid":{"rendered":"http:\/\/dgospel.com.br\/portal\/?p=4894"},"modified":"2020-02-14T13:06:30","modified_gmt":"2020-02-14T16:06:30","slug":"numero-de-assassinatos-cai-19-no-brasil-em-2019-e-e-o-menor-da-serie-historica","status":"publish","type":"post","link":"https:\/\/dgospel.com.br\/portal\/index.php\/2020\/02\/14\/numero-de-assassinatos-cai-19-no-brasil-em-2019-e-e-o-menor-da-serie-historica\/","title":{"rendered":"N\u00famero de assassinatos cai 19% no Brasil em 2019 e \u00e9 o menor da s\u00e9rie hist\u00f3rica"},"content":{"rendered":"\n<p>O Brasil teve uma queda de 19% no\nn\u00famero de v\u00edtimas de crimes violentos em 2019 em compara\u00e7\u00e3o com o ano de 2018.\n\u00c9 o que mostra o \u00edndice nacional de homic\u00eddios criado pelo&nbsp;<strong>G1<\/strong>,\ncom base nos dados oficiais dos 26 estados e do Distrito Federal.<\/p>\n\n\n\n<p>Em todo o ano passado,\nhouve 41.635 assassinatos no pa\u00eds, contra 51.558 em 2018 \u2013 ou seja, quase 10\nmil mortes a menos. Trata-se do menor n\u00famero de crimes violentos intencionais\nde toda a s\u00e9rie hist\u00f3rica do F\u00f3rum Brasileiro de Seguran\u00e7a P\u00fablica, que coleta\nos dados desde 2007.<\/p>\n\n\n\n<p>Est\u00e3o contabilizadas no\nn\u00famero as v\u00edtimas de homic\u00eddios dolosos (incluindo os feminic\u00eddios),\nlatroc\u00ednios e les\u00f5es corporais seguidas de morte. A queda no consolidado do ano\nrefor\u00e7a uma tend\u00eancia que tem sido mostrada pelo&nbsp;<strong>G1&nbsp;<\/strong>desde o&nbsp;<a href=\"https:\/\/g1.globo.com\/monitor-da-violencia\/noticia\/2019\/02\/27\/queda-no-no-de-assassinatos-em-2018-e-a-maior-dos-ultimos-11-anos-da-serie-historica-do-fbsp.ghtml\"><strong>balan\u00e7o\nde 2018<\/strong><\/a>.<\/p>\n\n\n\n<p>No \u00faltimo trimestre,\npor\u00e9m, a queda n\u00e3o foi t\u00e3o acentuada quanto no restante do ano: 11,8%. Nove\nestados, inclusive, registraram uma alta no n\u00famero de assassinatos de outubro a\ndezembro.<\/p>\n\n\n\n<p>O levantamento, que compila os dados\nm\u00eas a m\u00eas, faz parte do Monitor da Viol\u00eancia, uma parceria do&nbsp;<strong>G1<\/strong>&nbsp;com o N\u00facleo de Estudos da Viol\u00eancia da\nUniversidade de S\u00e3o Paulo (NEV-USP) e o F\u00f3rum Brasileiro de Seguran\u00e7a P\u00fablica.<\/p>\n\n\n\n<p><strong>Os dados apontam que:<\/strong><\/p>\n\n\n\n<ul><li>o pa\u00eds teve&nbsp;<strong>41.635 assassinatos em 2019<\/strong>,\no menor n\u00famero de toda a s\u00e9rie hist\u00f3rica, iniciada em 2007<\/li><li>houve&nbsp;<strong>9.923 mortes a menos<\/strong>&nbsp;na\ncompara\u00e7\u00e3o com 2018, uma queda de 19,2%<\/li><li><strong>todos os estados<\/strong>&nbsp;do pa\u00eds apresentaram&nbsp;<strong>redu\u00e7\u00e3o<\/strong>&nbsp;de assassinatos no ano<\/li><li><strong>1\/3 deles<\/strong>, por\u00e9m, registrou uma&nbsp;<strong>alta no \u00faltimo trimestre<\/strong><\/li><li><strong>s\u00f3 dois estados<\/strong>&nbsp;registraram uma&nbsp;<strong>queda superior a 30%<\/strong>&nbsp;no consolidado do ano: Cear\u00e1\ne Roraima<\/li><\/ul>\n\n\n\n<h2>Queda hist\u00f3rica<\/h2>\n\n\n\n<p>A queda\nregistrada no n\u00famero de assassinatos no Brasil em 2019 \u00e9 a maior se for levada\nem conta a s\u00e9rie hist\u00f3rica do F\u00f3rum Brasileiro de Seguran\u00e7a P\u00fablica. O n\u00famero\nde v\u00edtimas tamb\u00e9m \u00e9 o menor desde 2007, ano em que foi iniciada a coleta dos\ndados.<\/p>\n\n\n\n<p>O n\u00famero impressiona, inclusive, porque at\u00e9 2011 os dados do F\u00f3rum se referem a ocorr\u00eancias (em que \u00e9 poss\u00edvel ter mais de uma v\u00edtima). Ou seja, ainda assim, o n\u00famero de 2019, que se refere a v\u00edtimas, \u00e9 menor.<\/p>\n\n\n\n<p><\/p>\n\n\n\n<figure class=\"wp-block-image\"><img loading=\"lazy\" width=\"710\" height=\"1024\" src=\"http:\/\/dgospel.com.br\/portal\/wp-content\/uploads\/2020\/02\/queda-recorde-no-no-de-assassinatos-1-710x1024.jpg\" alt=\"\" class=\"wp-image-4896\" srcset=\"https:\/\/dgospel.com.br\/portal\/wp-content\/uploads\/2020\/02\/queda-recorde-no-no-de-assassinatos-1-710x1024.jpg 710w, https:\/\/dgospel.com.br\/portal\/wp-content\/uploads\/2020\/02\/queda-recorde-no-no-de-assassinatos-1-208x300.jpg 208w, https:\/\/dgospel.com.br\/portal\/wp-content\/uploads\/2020\/02\/queda-recorde-no-no-de-assassinatos-1-768x1107.jpg 768w, https:\/\/dgospel.com.br\/portal\/wp-content\/uploads\/2020\/02\/queda-recorde-no-no-de-assassinatos-1.jpg 1000w\" sizes=\"(max-width: 710px) 100vw, 710px\" \/><\/figure>\n\n\n\n<p>Fonte: <strong>G1<\/strong><\/p>\n","protected":false},"excerpt":{"rendered":"<p>O Brasil teve uma queda de 19% no n\u00famero de v\u00edtimas de crimes violentos em 2019 em compara\u00e7\u00e3o com o ano de 2018. \u00c9 o que mostra o \u00edndice nacional de homic\u00eddios criado pelo&nbsp;G1, com base nos dados oficiais dos 26 estados e do Distrito Federal. Em todo o ano passado, houve 41.635 assassinatos no [&hellip;]<\/p>\n","protected":false},"author":2,"featured_media":4895,"comment_status":"open","ping_status":"open","sticky":false,"template":"","format":"standard","meta":[],"categories":[6,4],"tags":[],"_links":{"self":[{"href":"https:\/\/dgospel.com.br\/portal\/index.php\/wp-json\/wp\/v2\/posts\/4894"}],"collection":[{"href":"https:\/\/dgospel.com.br\/portal\/index.php\/wp-json\/wp\/v2\/posts"}],"about":[{"href":"https:\/\/dgospel.com.br\/portal\/index.php\/wp-json\/wp\/v2\/types\/post"}],"author":[{"embeddable":true,"href":"https:\/\/dgospel.com.br\/portal\/index.php\/wp-json\/wp\/v2\/users\/2"}],"replies":[{"embeddable":true,"href":"https:\/\/dgospel.com.br\/portal\/index.php\/wp-json\/wp\/v2\/comments?post=4894"}],"version-history":[{"count":1,"href":"https:\/\/dgospel.com.br\/portal\/index.php\/wp-json\/wp\/v2\/posts\/4894\/revisions"}],"predecessor-version":[{"id":4897,"href":"https:\/\/dgospel.com.br\/portal\/index.php\/wp-json\/wp\/v2\/posts\/4894\/revisions\/4897"}],"wp:featuredmedia":[{"embeddable":true,"href":"https:\/\/dgospel.com.br\/portal\/index.php\/wp-json\/wp\/v2\/media\/4895"}],"wp:attachment":[{"href":"https:\/\/dgospel.com.br\/portal\/index.php\/wp-json\/wp\/v2\/media?parent=4894"}],"wp:term":[{"taxonomy":"category","embeddable":true,"href":"https:\/\/dgospel.com.br\/portal\/index.php\/wp-json\/wp\/v2\/categories?post=4894"},{"taxonomy":"post_tag","embeddable":true,"href":"https:\/\/dgospel.com.br\/portal\/index.php\/wp-json\/wp\/v2\/tags?post=4894"}],"curies":[{"name":"wp","href":"https:\/\/api.w.org\/{rel}","templated":true}]}}