{"id":4898,"date":"2020-02-14T13:19:46","date_gmt":"2020-02-14T16:19:46","guid":{"rendered":"http:\/\/dgospel.com.br\/portal\/?p=4898"},"modified":"2020-02-14T13:19:47","modified_gmt":"2020-02-14T16:19:47","slug":"cpi-da-brk-ambiental-sera-instalada-apos-aprovacao-em-plenario","status":"publish","type":"post","link":"https:\/\/dgospel.com.br\/portal\/index.php\/2020\/02\/14\/cpi-da-brk-ambiental-sera-instalada-apos-aprovacao-em-plenario\/","title":{"rendered":"CPI da BRK Ambiental ser\u00e1 instalada ap\u00f3s aprova\u00e7\u00e3o em plen\u00e1rio"},"content":{"rendered":"\n<p>Na sess\u00e3o ordin\u00e1ria de quinta-feira,13, a C\u00e2mara Municipal de Palmas aprovou a cria\u00e7\u00e3o de uma CPI \u2013 Comiss\u00e3o Parlamentar de Inqu\u00e9rito, para investigar a polui\u00e7\u00e3o do Lago de Palmas e um dos seus afluentes, como tamb\u00e9m, os danos&nbsp; ambientais que est\u00e3o&nbsp; sendo causados, al\u00e9m das poss\u00edveis responsabilidades da empresa BRK Ambiental no epis\u00f3dio. A instala\u00e7\u00e3o da investiga\u00e7\u00e3o se deu ap\u00f3s leitura do requerimento, de autoria do vereador Diogo Fernandes (PSD) e que contou com a assinatura de oito vereadores, em plen\u00e1rio.<\/p>\n\n\n\n<p>O parlamentar explicou os pr\u00f3ximos passos para o inicio dos trabalhos. \u201cHoje foi lido em plen\u00e1rio o pedido para a instaura\u00e7\u00e3o da Comiss\u00e3o. Na sequ\u00eancia ser\u00e1 comunicado aos blocos para que fa\u00e7am a indica\u00e7\u00e3o dos membros que v\u00e3o compor esta Comiss\u00e3o. Posteriormente, vamos escolher um relator e daremos inicio a apura\u00e7\u00e3o dos fatos. Faremos o convite a diversos \u00f3rg\u00e3os e a representantes da concession\u00e1ria para que prestem esclarecimentos sobre o que est\u00e1 acontecendo com nosso Lago\u201d, explicou Fernandes.<\/p>\n\n\n\n<p>Segundo o autor do pedido, \u00e9 necess\u00e1rio apurar o que est\u00e1 acontecendo, com a finalidade de evitar que a situa\u00e7\u00e3o n\u00e3o piore ainda mais e, com isso, traga mais preju\u00edzos para a popula\u00e7\u00e3o palmense. \u201cN\u00e3o podemos deixar essa empresa roubar o que temos de mais rico nessa cidade, que \u00e9 a beleza natural do lago. Fico preocupado. Recebi den\u00fancia dando conta que os \u00f3rg\u00e3os respons\u00e1veis pelo controle da qualidade da \u00e1gua, n\u00e3o possuem sequer um laborat\u00f3rio para fazer a an\u00e1lise e monitoramento da \u00e1gua, e isso \u00e9 muito grave. Por esse motivo, propus a CPI, para podemos investigar de perto e buscarmos juntos, uma solu\u00e7\u00e3o para esse grave problema. Al\u00e9m disso, vamos apontar aqueles que est\u00e3o inertes e negligentes, cometendo crimes ambientais aqui em Palmas\u201d, prometeu Diogo.<\/p>\n\n\n\n<p>Durante a sess\u00e3o, os vereadores Erivelton Santos (PV), Filipe Martins (PSC), Milton Neris (Progressistas) discursaram em apoio \u00e0 instala\u00e7\u00e3o da Comiss\u00e3o.<\/p>\n","protected":false},"excerpt":{"rendered":"<p>Na sess\u00e3o ordin\u00e1ria de quinta-feira,13, a C\u00e2mara Municipal de Palmas aprovou a cria\u00e7\u00e3o de uma CPI \u2013 Comiss\u00e3o Parlamentar de Inqu\u00e9rito, para investigar a polui\u00e7\u00e3o do Lago de Palmas e um dos seus afluentes, como tamb\u00e9m, os danos&nbsp; ambientais que est\u00e3o&nbsp; sendo causados, al\u00e9m das poss\u00edveis responsabilidades da empresa BRK Ambiental no epis\u00f3dio. A instala\u00e7\u00e3o [&hellip;]<\/p>\n","protected":false},"author":2,"featured_media":4899,"comment_status":"open","ping_status":"open","sticky":false,"template":"","format":"standard","meta":[],"categories":[8],"tags":[],"_links":{"self":[{"href":"https:\/\/dgospel.com.br\/portal\/index.php\/wp-json\/wp\/v2\/posts\/4898"}],"collection":[{"href":"https:\/\/dgospel.com.br\/portal\/index.php\/wp-json\/wp\/v2\/posts"}],"about":[{"href":"https:\/\/dgospel.com.br\/portal\/index.php\/wp-json\/wp\/v2\/types\/post"}],"author":[{"embeddable":true,"href":"https:\/\/dgospel.com.br\/portal\/index.php\/wp-json\/wp\/v2\/users\/2"}],"replies":[{"embeddable":true,"href":"https:\/\/dgospel.com.br\/portal\/index.php\/wp-json\/wp\/v2\/comments?post=4898"}],"version-history":[{"count":1,"href":"https:\/\/dgospel.com.br\/portal\/index.php\/wp-json\/wp\/v2\/posts\/4898\/revisions"}],"predecessor-version":[{"id":4900,"href":"https:\/\/dgospel.com.br\/portal\/index.php\/wp-json\/wp\/v2\/posts\/4898\/revisions\/4900"}],"wp:featuredmedia":[{"embeddable":true,"href":"https:\/\/dgospel.com.br\/portal\/index.php\/wp-json\/wp\/v2\/media\/4899"}],"wp:attachment":[{"href":"https:\/\/dgospel.com.br\/portal\/index.php\/wp-json\/wp\/v2\/media?parent=4898"}],"wp:term":[{"taxonomy":"category","embeddable":true,"href":"https:\/\/dgospel.com.br\/portal\/index.php\/wp-json\/wp\/v2\/categories?post=4898"},{"taxonomy":"post_tag","embeddable":true,"href":"https:\/\/dgospel.com.br\/portal\/index.php\/wp-json\/wp\/v2\/tags?post=4898"}],"curies":[{"name":"wp","href":"https:\/\/api.w.org\/{rel}","templated":true}]}}