{"id":4911,"date":"2020-02-17T10:14:35","date_gmt":"2020-02-17T13:14:35","guid":{"rendered":"http:\/\/dgospel.com.br\/portal\/?p=4911"},"modified":"2020-02-17T10:14:36","modified_gmt":"2020-02-17T13:14:36","slug":"em-evento-evangelico-bolsonaro-reafirma-que-pais-e-laico-mas-presidente-e-cristao","status":"publish","type":"post","link":"https:\/\/dgospel.com.br\/portal\/index.php\/2020\/02\/17\/em-evento-evangelico-bolsonaro-reafirma-que-pais-e-laico-mas-presidente-e-cristao\/","title":{"rendered":"Em evento evang\u00e9lico Bolsonaro reafirma que \u201cPa\u00eds \u00e9 laico, mas presidente \u00e9 crist\u00e3o&#8221;"},"content":{"rendered":"\n<p>O presidente&nbsp;<strong><a href=\"https:\/\/guiame.com.br\/gospel\/noticias\/pastor-ora-por-bolsonaro-e-pede-deus-sabedoria-de-salomao.html\">Jair Bolsonaro<\/a><\/strong>&nbsp;participou, no s\u00e1bado (15), do evento de comemora\u00e7\u00e3o de 40 anos da Igreja Internacional da Gra\u00e7a de Deus, ao lado do pastor R.R. Soares, na Enseada de Botafogo, no Rio.<\/p>\n\n\n\n<p>O fundador da Igreja disse que Bolsonaro estava no evento para \u201cunir a f\u00e9 conosco\u201d e que iria fazer um clamor pela na\u00e7\u00e3o.<\/p>\n\n\n\n<p>Como frequentemente faz, Bolsonaro disse que agradecia a Deus pela sua vida, remetendo ao epis\u00f3dio de campanha quando foi esfaqueado em Mimas Gerais.<\/p>\n\n\n\n<p>O presidente foi aplaudido ontem ao discursar no palco do evento, onde Bolsonaro disse ao&nbsp;<strong><a href=\"https:\/\/guiame.com.br\/gospel\/noticias\/pedido-de-bolsonaro-advogado-geral-da-uniao-faz-oracao-pelo-brasil-na-porta-do-alvorada.html\">p\u00fablico evang\u00e9lico<\/a><\/strong>&nbsp;que &#8220;o Brasil \u00e9 laico, mas o presidente \u00e9 crist\u00e3o. O Brasil est\u00e1 mudando. Mais do que pelos n\u00fameros da economia, mas porque respeita a fam\u00edlia\u201d.<\/p>\n\n\n\n<p>No evento que tamb\u00e9m teve a presen\u00e7a do evang\u00e9lico Marcelo Bretas, juiz titular da 7\u00aa Vara Federal Criminal do Rio, o presidente participou de um momento de ora\u00e7\u00e3o e citou a passagem b\u00edblica Jo\u00e3o 8.32 (\u201cconheceis a verdade e a verdade vos libertar\u00e1\u201d).<\/p>\n\n\n\n<p>Ao participar do&nbsp;<strong><a href=\"https:\/\/guiame.com.br\/gospel\/missoes-acao-social\/bolsonaro-confessou-jesus-cristo-no-send-em-brasilia-diz-todd-white.html\">The Send<\/a><\/strong>, realizado no domingo (08), em Bras\u00edlia, o presidente disse que os evang\u00e9licos fizeram a diferen\u00e7a no resultado das \u00faltimas elei\u00e7\u00f5es. O evento, que aconteceu simultaneamente em tr\u00eas est\u00e1dios, \u00e9 ligado ao grupo de mission\u00e1rios do movimento internacional Jovens Com Uma Miss\u00e3o (JOCUM).<\/p>\n\n\n\n<p>Eventos como esse n\u00e3o s\u00e3o exce\u00e7\u00e3o na agenda do presidente. Segundo levantamento feito pelo EXTRA, em 2019, Bolsonaro teve 40 compromissos oficiais com lideran\u00e7as evang\u00e9licas \u2014 23 encontros no Pal\u00e1cio do Planalto e 17 eventos, incluindo seis cultos e duas marchas para Jesus.<\/p>\n\n\n\n<p>A frequ\u00eancia observada na agenda presidencial \u00e9 acompanhada de uma s\u00e9rie de sinaliza\u00e7\u00f5es nas pol\u00edticas p\u00fablicas para a base religiosa, que o pr\u00f3prio Bolsonaro aponta como respons\u00e1vel por sua vit\u00f3ria em 2018.<\/p>\n\n\n\n<p>Na celebra\u00e7\u00e3o da Igreja, o presidente agradeceu os votos recebidos em 2018. &#8220;V\u00e1rios setores da sociedade me apoiaram, v\u00e1rias denomina\u00e7\u00f5es religiosas fizeram o mesmo. O setor evang\u00e9lico foi muito presente h\u00e1 dois anos&#8221;, disse o presidente.<\/p>\n\n\n\n<p>\n\nFONTE: GUIAME, COM INFORMA\u00c7\u00d5ES DO GLOBO E UOL\n\n<\/p>\n","protected":false},"excerpt":{"rendered":"<p>O presidente&nbsp;Jair Bolsonaro&nbsp;participou, no s\u00e1bado (15), do evento de comemora\u00e7\u00e3o de 40 anos da Igreja Internacional da Gra\u00e7a de Deus, ao lado do pastor R.R. Soares, na Enseada de Botafogo, no Rio. O fundador da Igreja disse que Bolsonaro estava no evento para \u201cunir a f\u00e9 conosco\u201d e que iria fazer um clamor pela na\u00e7\u00e3o. [&hellip;]<\/p>\n","protected":false},"author":2,"featured_media":4912,"comment_status":"open","ping_status":"open","sticky":false,"template":"","format":"standard","meta":[],"categories":[5,6],"tags":[],"_links":{"self":[{"href":"https:\/\/dgospel.com.br\/portal\/index.php\/wp-json\/wp\/v2\/posts\/4911"}],"collection":[{"href":"https:\/\/dgospel.com.br\/portal\/index.php\/wp-json\/wp\/v2\/posts"}],"about":[{"href":"https:\/\/dgospel.com.br\/portal\/index.php\/wp-json\/wp\/v2\/types\/post"}],"author":[{"embeddable":true,"href":"https:\/\/dgospel.com.br\/portal\/index.php\/wp-json\/wp\/v2\/users\/2"}],"replies":[{"embeddable":true,"href":"https:\/\/dgospel.com.br\/portal\/index.php\/wp-json\/wp\/v2\/comments?post=4911"}],"version-history":[{"count":1,"href":"https:\/\/dgospel.com.br\/portal\/index.php\/wp-json\/wp\/v2\/posts\/4911\/revisions"}],"predecessor-version":[{"id":4913,"href":"https:\/\/dgospel.com.br\/portal\/index.php\/wp-json\/wp\/v2\/posts\/4911\/revisions\/4913"}],"wp:featuredmedia":[{"embeddable":true,"href":"https:\/\/dgospel.com.br\/portal\/index.php\/wp-json\/wp\/v2\/media\/4912"}],"wp:attachment":[{"href":"https:\/\/dgospel.com.br\/portal\/index.php\/wp-json\/wp\/v2\/media?parent=4911"}],"wp:term":[{"taxonomy":"category","embeddable":true,"href":"https:\/\/dgospel.com.br\/portal\/index.php\/wp-json\/wp\/v2\/categories?post=4911"},{"taxonomy":"post_tag","embeddable":true,"href":"https:\/\/dgospel.com.br\/portal\/index.php\/wp-json\/wp\/v2\/tags?post=4911"}],"curies":[{"name":"wp","href":"https:\/\/api.w.org\/{rel}","templated":true}]}}