{"id":4914,"date":"2020-02-17T10:42:50","date_gmt":"2020-02-17T13:42:50","guid":{"rendered":"http:\/\/dgospel.com.br\/portal\/?p=4914"},"modified":"2020-02-17T10:42:51","modified_gmt":"2020-02-17T13:42:51","slug":"em-posse-de-nova-diretoria-da-asmeto-wanderlei-barbosa-reforca-parceria-do-governo-com-classe-da-magistratura","status":"publish","type":"post","link":"https:\/\/dgospel.com.br\/portal\/index.php\/2020\/02\/17\/em-posse-de-nova-diretoria-da-asmeto-wanderlei-barbosa-reforca-parceria-do-governo-com-classe-da-magistratura\/","title":{"rendered":"Em posse de nova diretoria da Asmeto, Wanderlei Barbosa refor\u00e7a parceria do Governo com classe da magistratura"},"content":{"rendered":"\n<p>O vice-governador Wanderlei Barbosa, representando o governador Mauro Carlesse, participou na tarde desta sexta-feira, 14, da cerim\u00f4nia de posse da nova Diretoria Executiva e dos Conselhos Deliberativo e Fiscal, bi\u00eanio 2020\/2022, da Associa\u00e7\u00e3o dos Magistrados do Estado do Tocantins. A solenidade ocorreu na Sala de Sess\u00f5es do Tribunal Pleno, no Tribunal de Justi\u00e7a (TJTO).<\/p>\n\n\n\n<p>Wanderlei Barbosa afirmou para a nova presidente, Odete Batista, que tem certeza de sua responsabilidade. \u201cN\u00e3o tenho nenhuma d\u00favida que a Associa\u00e7\u00e3o estar\u00e1 em boas m\u00e3os. A senhora tem a miss\u00e3o de conduzir este trabalho, e o Governo do Estado estar\u00e1 ao seu lado. N\u00f3s queremos nos colocar \u00e0 disposi\u00e7\u00e3o no momento que a senhora enfrentar\u00e1 a frente \u00e0s reformas que precisam ser feitas. Vamos fazer o melhor para que os associados e servidores p\u00fablicos estejam bem com suas fun\u00e7\u00f5es e poss\u00edveis aposentadorias. Temos que conduzir de maneira respons\u00e1vel, tocando o pa\u00eds e o Estado nos seus devidos enquadramentos\u201d, garantiu o vice-governador.<\/p>\n\n\n\n<p>Ao final do discurso, Wanderlei Barbosa, parabenizou Odete Batista, e desejou sorte. \u201cQuero desejar \u00e0 senhora sorte, e efici\u00eancia, que tenho certeza que a senhora tem. Que possa contar com os Poderes, e manter esta boa rela\u00e7\u00e3o institucional para o sucesso de seus associados. Parab\u00e9ns e sucesso\u201d.<\/p>\n\n\n\n<p>A presidente rec\u00e9m-empossada Odete Batista, afirmou em sua fala que recebe com muita honra o encargo de representa\u00e7\u00e3o da Magistratura do Estado do Tocantins. \u201c\u00c9 certo que empreenderei grandes esfor\u00e7os no sentido da preserva\u00e7\u00e3o das nossas prerrogativas funcionais, bem como a manuten\u00e7\u00e3o das conquistas j\u00e1 vigentes, sem, contudo, deixar de lutar de forma aguerrida por novos pleitos afetos, a fim de engrandecer o nosso mister e fortalecer a nossa classe\u201d, destacou a nova presidente.<\/p>\n\n\n\n<p>O presidente do TJTO, desembargador Helv\u00e9cio Maia Neto, ressaltou seu apoio \u00e0 Associa\u00e7\u00e3o. \u201cQuero registrar o meu apoio, sei que a associa\u00e7\u00e3o n\u00e3o \u00e9 um ap\u00eandice do Tribunal, e sei tamb\u00e9m o quanto \u00e9 dif\u00edcil, pois tamb\u00e9m j\u00e1 fui presidente da Asmeto, mas ressalto que o Tribunal ser\u00e1 sempre o ambiente do di\u00e1logo no que for de interesse para a magistratura\u201d destacou.<\/p>\n\n\n\n<p>A ex-presidente da Asmeto, a ju\u00edza Julianne Freire Marques, fez um balan\u00e7o das principais a\u00e7\u00f5es realizadas durante a sua gest\u00e3o. \u201cPresidir a Asmeto foi um desafio, mas pude cumprir essa miss\u00e3o, pois tive muitos amigos ao meu lado durante quatro anos na gest\u00e3o, sei que n\u00e3o fazemos nada sozinhos. Nossa jornada se encerra e as expectativas foram mais que superadas, dentre uma das a\u00e7\u00f5es citadas est\u00e1 a atua\u00e7\u00e3o no Congresso Brasileiro para preservar as garantias constitucionais, nos posicionamos contra a lei de abuso de autoridade e a reforma da previd\u00eancia\u201d, avaliou.<\/p>\n\n\n\n<p><strong>Presen\u00e7as<\/strong><\/p>\n\n\n\n<p>Na cerim\u00f4nia, estavam presentes, o comandante da Pol\u00edcia Militar, Jaizon Veras, o presidente da Ordem dos Advogados do Brasil (OAB) Seccional do Tocantins, Gedeon Pitaluga, a vice-presidente do Tribunal de Justi\u00e7a do Estado do Tocantins, \u00c2ngela Prudente; o presidente do Tribunal Regional Eleitoral, desembargador Eur\u00edpedes Lamounier, o vice-presidente do Tribunal Regional Eleitoral, Presidente do Copedem e diretor geral da Escola Da Magistratura, desembargador Marco Villas Boas, a procuradora-geral de Justi\u00e7a, Maria Cotinha Bezerra Pereira, e outras autoridades jur\u00eddicas.<\/p>\n","protected":false},"excerpt":{"rendered":"<p>O vice-governador Wanderlei Barbosa, representando o governador Mauro Carlesse, participou na tarde desta sexta-feira, 14, da cerim\u00f4nia de posse da nova Diretoria Executiva e dos Conselhos Deliberativo e Fiscal, bi\u00eanio 2020\/2022, da Associa\u00e7\u00e3o dos Magistrados do Estado do Tocantins. A solenidade ocorreu na Sala de Sess\u00f5es do Tribunal Pleno, no Tribunal de Justi\u00e7a (TJTO). Wanderlei [&hellip;]<\/p>\n","protected":false},"author":2,"featured_media":4915,"comment_status":"open","ping_status":"open","sticky":false,"template":"","format":"standard","meta":[],"categories":[4],"tags":[],"_links":{"self":[{"href":"https:\/\/dgospel.com.br\/portal\/index.php\/wp-json\/wp\/v2\/posts\/4914"}],"collection":[{"href":"https:\/\/dgospel.com.br\/portal\/index.php\/wp-json\/wp\/v2\/posts"}],"about":[{"href":"https:\/\/dgospel.com.br\/portal\/index.php\/wp-json\/wp\/v2\/types\/post"}],"author":[{"embeddable":true,"href":"https:\/\/dgospel.com.br\/portal\/index.php\/wp-json\/wp\/v2\/users\/2"}],"replies":[{"embeddable":true,"href":"https:\/\/dgospel.com.br\/portal\/index.php\/wp-json\/wp\/v2\/comments?post=4914"}],"version-history":[{"count":1,"href":"https:\/\/dgospel.com.br\/portal\/index.php\/wp-json\/wp\/v2\/posts\/4914\/revisions"}],"predecessor-version":[{"id":4916,"href":"https:\/\/dgospel.com.br\/portal\/index.php\/wp-json\/wp\/v2\/posts\/4914\/revisions\/4916"}],"wp:featuredmedia":[{"embeddable":true,"href":"https:\/\/dgospel.com.br\/portal\/index.php\/wp-json\/wp\/v2\/media\/4915"}],"wp:attachment":[{"href":"https:\/\/dgospel.com.br\/portal\/index.php\/wp-json\/wp\/v2\/media?parent=4914"}],"wp:term":[{"taxonomy":"category","embeddable":true,"href":"https:\/\/dgospel.com.br\/portal\/index.php\/wp-json\/wp\/v2\/categories?post=4914"},{"taxonomy":"post_tag","embeddable":true,"href":"https:\/\/dgospel.com.br\/portal\/index.php\/wp-json\/wp\/v2\/tags?post=4914"}],"curies":[{"name":"wp","href":"https:\/\/api.w.org\/{rel}","templated":true}]}}