{"id":492,"date":"2018-06-08T16:16:12","date_gmt":"2018-06-08T19:16:12","guid":{"rendered":"http:\/\/dgospel.com.br\/portal\/?p=492"},"modified":"2018-06-08T16:16:12","modified_gmt":"2018-06-08T19:16:12","slug":"wanderlei-barbosa-agradece-empenho-de-lideres-comunitarios-e-reforca-trabalho-para-o-segundo-turno","status":"publish","type":"post","link":"https:\/\/dgospel.com.br\/portal\/index.php\/2018\/06\/08\/wanderlei-barbosa-agradece-empenho-de-lideres-comunitarios-e-reforca-trabalho-para-o-segundo-turno\/","title":{"rendered":"Wanderlei Barbosa agradece empenho de l\u00edderes comunit\u00e1rios e refor\u00e7a trabalho para o segundo turno"},"content":{"rendered":"<p class=\"yiv7340742171MsoNormal\">No in\u00edcio da noite desta quinta-feira, 7, l\u00edderes comunit\u00e1rios das regi\u00f5es norte e sul de Palmas marcaram presen\u00e7a na reuni\u00e3o que Wanderlei Barbosa, candidato a vice-governador da Coliga\u00e7\u00e3o Governo de Atitude, realizou no Setor Santa B\u00e1rbara.<\/p>\n<p class=\"yiv7340742171MsoNormal\">Centenas de pessoas participaram do evento e ouviram as propostas da campanha, encabe\u00e7ada pelo candidato Mauro Carlesse, governador interino do Estado. Na oportunidade Wanderlei Barbosa agradeceu o apoio que obtiveram e a expressiva vota\u00e7\u00e3o no primeiro turno da elei\u00e7\u00e3o suplementar, que colocou a coliga\u00e7\u00e3o \u00e0 frente na disputa com mais de 50 mil votos.<\/p>\n<p class=\"yiv7340742171MsoNormal\">Em suas manifesta\u00e7\u00f5es durante a reuni\u00e3o, os l\u00edderes presentes refor\u00e7aram seus engajamentos no projeto de estabilidade e municipalista de Carlesse e garantiram apoio total para a elei\u00e7\u00e3o que acontecer\u00e1 no pr\u00f3ximo dia 24 de junho, segundo turno da suplementar.<\/p>\n<p class=\"yiv7340742171MsoNormal\">O candidato a vice-governador ressaltou a import\u00e2ncia do trabalho e empenho de todos em reconhecer a nova administra\u00e7\u00e3o estadual, que em pouco tempo j\u00e1 levou in\u00fameros benef\u00edcios aos tocantinenses. \u201cChegamos at\u00e9 aqui e devemos isso a cada um de voc\u00eas, agora, precisamos trabalhar ainda mais neste segundo turno com a intensifica\u00e7\u00e3o dos trabalhos, caminhadas e visitas\u201d, ressaltou.<\/p>\n<p class=\"yiv7340742171MsoNormal\"><b>Novas ades\u00f5es<\/b><\/p>\n<p class=\"yiv7340742171MsoNormal\">Durante toda a quinta-feira, v\u00e1rias lideran\u00e7as, entre parlamentares, prefeitos e ex-prefeitos aderiram e declararam apoio \u00e0 chapa neste segundo turno, destacando o projeto inovador e a estabilidade do Tocantins.<\/p>\n","protected":false},"excerpt":{"rendered":"<p>No in\u00edcio da noite desta quinta-feira, 7, l\u00edderes comunit\u00e1rios das regi\u00f5es norte e sul de Palmas marcaram presen\u00e7a na reuni\u00e3o que Wanderlei Barbosa, candidato a vice-governador da Coliga\u00e7\u00e3o Governo de Atitude, realizou no Setor Santa B\u00e1rbara. Centenas de pessoas participaram do evento e ouviram as propostas da campanha, encabe\u00e7ada pelo candidato Mauro Carlesse, governador interino [&hellip;]<\/p>\n","protected":false},"author":2,"featured_media":493,"comment_status":"open","ping_status":"open","sticky":false,"template":"","format":"standard","meta":[],"categories":[2,4],"tags":[],"_links":{"self":[{"href":"https:\/\/dgospel.com.br\/portal\/index.php\/wp-json\/wp\/v2\/posts\/492"}],"collection":[{"href":"https:\/\/dgospel.com.br\/portal\/index.php\/wp-json\/wp\/v2\/posts"}],"about":[{"href":"https:\/\/dgospel.com.br\/portal\/index.php\/wp-json\/wp\/v2\/types\/post"}],"author":[{"embeddable":true,"href":"https:\/\/dgospel.com.br\/portal\/index.php\/wp-json\/wp\/v2\/users\/2"}],"replies":[{"embeddable":true,"href":"https:\/\/dgospel.com.br\/portal\/index.php\/wp-json\/wp\/v2\/comments?post=492"}],"version-history":[{"count":1,"href":"https:\/\/dgospel.com.br\/portal\/index.php\/wp-json\/wp\/v2\/posts\/492\/revisions"}],"predecessor-version":[{"id":494,"href":"https:\/\/dgospel.com.br\/portal\/index.php\/wp-json\/wp\/v2\/posts\/492\/revisions\/494"}],"wp:featuredmedia":[{"embeddable":true,"href":"https:\/\/dgospel.com.br\/portal\/index.php\/wp-json\/wp\/v2\/media\/493"}],"wp:attachment":[{"href":"https:\/\/dgospel.com.br\/portal\/index.php\/wp-json\/wp\/v2\/media?parent=492"}],"wp:term":[{"taxonomy":"category","embeddable":true,"href":"https:\/\/dgospel.com.br\/portal\/index.php\/wp-json\/wp\/v2\/categories?post=492"},{"taxonomy":"post_tag","embeddable":true,"href":"https:\/\/dgospel.com.br\/portal\/index.php\/wp-json\/wp\/v2\/tags?post=492"}],"curies":[{"name":"wp","href":"https:\/\/api.w.org\/{rel}","templated":true}]}}