{"id":4921,"date":"2020-02-18T10:25:36","date_gmt":"2020-02-18T13:25:36","guid":{"rendered":"http:\/\/dgospel.com.br\/portal\/?p=4921"},"modified":"2020-02-18T10:25:37","modified_gmt":"2020-02-18T13:25:37","slug":"estrutura-do-capital-da-fe-2020-comeca-a-ser-montada-na-vila-olimpica","status":"publish","type":"post","link":"https:\/\/dgospel.com.br\/portal\/index.php\/2020\/02\/18\/estrutura-do-capital-da-fe-2020-comeca-a-ser-montada-na-vila-olimpica\/","title":{"rendered":"Estrutura do Capital da F\u00e9 2020 come\u00e7a a ser montada na Vila Ol\u00edmpica"},"content":{"rendered":"\n<p>A montagem da estrutura do Capital da F\u00e9 2020, que acontece neste final de semana, nos dias 21 a 25 de fevereir<em>o,<\/em>&nbsp;na Vila Ol\u00edmpica j\u00e1 est\u00e1 em processo de montagem. A Vila recebeu pavimenta\u00e7\u00e3o para melhor receber os participantes. No evento, o p\u00fablico poder\u00e1 conferir uma programa\u00e7\u00e3o art\u00edstica crist\u00e3 com momentos de louvor e adora\u00e7\u00e3o, com uma grande estrutura que abrigar\u00e1, al\u00e9m da arena dos shows, uma pra\u00e7a de alimenta\u00e7\u00e3o e espa\u00e7o de vendas de artigos religiosos e espa\u00e7o kids.<br><\/p>\n\n\n\n<p>Para facilitar a organiza\u00e7\u00e3o e revezamento das bandas, ser\u00e3o instalados dois palcos \u201cGeo Space\u201d, que ser\u00e3o interligados. O circuito tamb\u00e9m contar\u00e1 com a uma vila gastron\u00f4mica, denominada de \u201cSabores da Capital\u201d, com 40 estandes de comida, divididos em dois t\u00faneis, \u201cGeo Space\u201d, com 20 estandes de cada lado. Haver\u00e1 ainda estandes para venda de artigos religiosos, 10 espa\u00e7os cobertos com tendas para food trucks, al\u00e9m de 05 espa\u00e7os distribu\u00eddos em todo o circuito, com autoriza\u00e7\u00e3o para venda de churros, pipocas, algod\u00e3o doce e bebidas enlatada, e tamb\u00e9m um espa\u00e7o kids. Fora do circuito ser\u00e3o montadas mais 20 tendas, para ambulantes. Em todos os espa\u00e7os do evento, n\u00e3o ser\u00e1 permitida a venda de bebida alco\u00f3lica.<\/p>\n\n\n\n<p><strong>Capital da F\u00e9<\/strong><\/p>\n\n\n\n<p>A edi\u00e7\u00e3o do Capital da F\u00e9 2020 acontecer\u00e1 de 21 a 25 de fevereiro, na Vila Ol\u00edmpica de Palmas. O evento re\u00fane todos os anos artistas do cen\u00e1rio regional e nacional da m\u00fasica gospel, com intuito de levar \u00e0s fam\u00edlias palmenses e de cidades vizinhas a curtir na Capital, no feriado de Carnaval, um per\u00edodo de festas diferenciado com a proposta de fomentar o desenvolvimento econ\u00f4mico, tur\u00edstico e cultural do munic\u00edpio de Palmas.<\/p>\n\n\n\n<p>\u201cO Capital da F\u00e9, al\u00e9m de ser um evento consagrado e para fam\u00edlia, \u00e9 um gerador de renda, proporcionando emprego direto para v\u00e1rias pessoas, atrav\u00e9s dos empreendedores individuais. Este ano preparamos uma estrutura din\u00e2mica na pra\u00e7a de alimenta\u00e7\u00e3o e um mix de variedades da gastronomia da cidade&#8221;, destacou o presidente da Ag\u00eancia Municipal de Turismo (Agtur), Eudes Assis.<\/p>\n","protected":false},"excerpt":{"rendered":"<p>A montagem da estrutura do Capital da F\u00e9 2020, que acontece neste final de semana, nos dias 21 a 25 de fevereiro,&nbsp;na Vila Ol\u00edmpica j\u00e1 est\u00e1 em processo de montagem. A Vila recebeu pavimenta\u00e7\u00e3o para melhor receber os participantes. No evento, o p\u00fablico poder\u00e1 conferir uma programa\u00e7\u00e3o art\u00edstica crist\u00e3 com momentos de louvor e adora\u00e7\u00e3o, [&hellip;]<\/p>\n","protected":false},"author":2,"featured_media":4922,"comment_status":"open","ping_status":"open","sticky":false,"template":"","format":"standard","meta":[],"categories":[3],"tags":[],"_links":{"self":[{"href":"https:\/\/dgospel.com.br\/portal\/index.php\/wp-json\/wp\/v2\/posts\/4921"}],"collection":[{"href":"https:\/\/dgospel.com.br\/portal\/index.php\/wp-json\/wp\/v2\/posts"}],"about":[{"href":"https:\/\/dgospel.com.br\/portal\/index.php\/wp-json\/wp\/v2\/types\/post"}],"author":[{"embeddable":true,"href":"https:\/\/dgospel.com.br\/portal\/index.php\/wp-json\/wp\/v2\/users\/2"}],"replies":[{"embeddable":true,"href":"https:\/\/dgospel.com.br\/portal\/index.php\/wp-json\/wp\/v2\/comments?post=4921"}],"version-history":[{"count":1,"href":"https:\/\/dgospel.com.br\/portal\/index.php\/wp-json\/wp\/v2\/posts\/4921\/revisions"}],"predecessor-version":[{"id":4923,"href":"https:\/\/dgospel.com.br\/portal\/index.php\/wp-json\/wp\/v2\/posts\/4921\/revisions\/4923"}],"wp:featuredmedia":[{"embeddable":true,"href":"https:\/\/dgospel.com.br\/portal\/index.php\/wp-json\/wp\/v2\/media\/4922"}],"wp:attachment":[{"href":"https:\/\/dgospel.com.br\/portal\/index.php\/wp-json\/wp\/v2\/media?parent=4921"}],"wp:term":[{"taxonomy":"category","embeddable":true,"href":"https:\/\/dgospel.com.br\/portal\/index.php\/wp-json\/wp\/v2\/categories?post=4921"},{"taxonomy":"post_tag","embeddable":true,"href":"https:\/\/dgospel.com.br\/portal\/index.php\/wp-json\/wp\/v2\/tags?post=4921"}],"curies":[{"name":"wp","href":"https:\/\/api.w.org\/{rel}","templated":true}]}}