{"id":4924,"date":"2020-02-18T10:32:35","date_gmt":"2020-02-18T13:32:35","guid":{"rendered":"http:\/\/dgospel.com.br\/portal\/?p=4924"},"modified":"2020-02-18T10:32:37","modified_gmt":"2020-02-18T13:32:37","slug":"mauro-carlesse-e-embaixador-da-africa-do-sul-discutem-intercambio-comercial-e-cooperacao-tecnologica","status":"publish","type":"post","link":"https:\/\/dgospel.com.br\/portal\/index.php\/2020\/02\/18\/mauro-carlesse-e-embaixador-da-africa-do-sul-discutem-intercambio-comercial-e-cooperacao-tecnologica\/","title":{"rendered":"Mauro Carlesse e embaixador da \u00c1frica do Sul discutem interc\u00e2mbio comercial e coopera\u00e7\u00e3o tecnol\u00f3gica"},"content":{"rendered":"\n<p>O governador do Estado do Tocantins, Mauro Carlesse, recebeu na tarde desta segunda-feira, 17, no Pal\u00e1cio Araguaia, o embaixador da \u00c1frica do Sul no Brasil, Ntshikiwane Joseph Mashimbye. O embaixador veio a Palmas participar de reuni\u00f5es com representantes do Governo do Tocantins e da iniciativa privada para conhecer e discutir oportunidades de neg\u00f3cio entre o Tocantins e o seu pa\u00eds.<\/p>\n\n\n\n<p>Na oportunidade, ele lembrou os dez anos da assinatura do acordo bilateral entre o Brasil e a Afr\u00edca do Sul e que a inten\u00e7\u00e3o \u00e9 ampliar os neg\u00f3cios entre os dois pa\u00edses, especialmente nos setores de agricultura, infraestrutura e energia. Ntshikiwane Joseph afirmou que o seu pa\u00eds \u00e9 a porta de entrada para o continente africano, da\u00ed a import\u00e2ncia de empresas locais estabelecerem o interc\u00e2mbio de neg\u00f3cios com a \u00c1frica do Sul.<\/p>\n\n\n\n<p>\u201cO nosso papel \u00e9 expandir esse interc\u00e2mbio com o Brasil e o Tocantins \u00e9 um Estado em desenvolvimento. O que queremos \u00e9 levar homens de neg\u00f3cio do Tocantins para visitar o nosso pa\u00eds e trazer os empres\u00e1rios da \u00c1frica do Sul para visitar o Brasil e o Tocantins\u201d, destacou ele, lembrando que o Tocantins \u00e9 um estado novo e a \u00c1frica do Sul uma democracia muito recente e que tem muito a aprender entre si. O embaixador disse que&nbsp;os principais interesses do seu pa\u00eds s\u00e3o na \u00e1rea de tecnologia, conhecimento em geral e interc\u00e2mbio de profissionais da \u00e1rea da agricultura. \u201cQueremos entender como o Tocantins tem feito para envolver as fam\u00edlias produtoras de forma t\u00e3o bem sucedida\u201d, ressaltou.<\/p>\n\n\n\n<p>Por sua vez, o governador Mauro Carlesse destacou a satisfa\u00e7\u00e3o em receber o representante do pa\u00eds africano, falou sobre o potencial do Estado, que conta com terras f\u00e9rteis, grande potencial h\u00eddrico, posi\u00e7\u00e3o geogr\u00e1fica e a log\u00edstica, que fazem do Tocantins o estado com maior \u00edndice de crescimento do Pa\u00eds. Tamb\u00e9m sinalizou com a possibilidade de liderar uma miss\u00e3o \u00e0 \u00c1frica do Sul com empres\u00e1rios tocantinenses e convidou o embaixador para visitar a Feira de Tecnologia Agropecu\u00e1ria do Tocantins (Agrotins), que constitui uma das maiores feiras do g\u00eanero do agroneg\u00f3cio do Brasil. \u201cO Tocantins est\u00e1 no centro do Brasil, \u00e9 um estado novo e em crescimento. Hoje, somos um dos principais centros de produ\u00e7\u00e3o do pa\u00eds e \u00e9 importante que conhe\u00e7am a nossa Agrotins, que j\u00e1 \u00e9 uma das maiores feiras de neg\u00f3cios do Brasil\u201d, frisou.<\/p>\n\n\n\n<p>Al\u00e9m do vice-governador Wanderlei Barbosa, participaram da reuni\u00e3o os secret\u00e1rios de Estado da Casa Civil, Rolf Vidal; da Comunica\u00e7\u00e3o, \u00c9lcio Mendes; da Sa\u00fade, Luiz Edgar Le\u00e3o Tolini; o secret\u00e1rio-executivo da Governadoria, Divino Allan Siqueira; e da Ind\u00fastria, Com\u00e9rcio e Servi\u00e7os, Tom Lira.<\/p>\n","protected":false},"excerpt":{"rendered":"<p>O governador do Estado do Tocantins, Mauro Carlesse, recebeu na tarde desta segunda-feira, 17, no Pal\u00e1cio Araguaia, o embaixador da \u00c1frica do Sul no Brasil, Ntshikiwane Joseph Mashimbye. O embaixador veio a Palmas participar de reuni\u00f5es com representantes do Governo do Tocantins e da iniciativa privada para conhecer e discutir oportunidades de neg\u00f3cio entre o [&hellip;]<\/p>\n","protected":false},"author":2,"featured_media":4925,"comment_status":"open","ping_status":"open","sticky":false,"template":"","format":"standard","meta":[],"categories":[4],"tags":[],"_links":{"self":[{"href":"https:\/\/dgospel.com.br\/portal\/index.php\/wp-json\/wp\/v2\/posts\/4924"}],"collection":[{"href":"https:\/\/dgospel.com.br\/portal\/index.php\/wp-json\/wp\/v2\/posts"}],"about":[{"href":"https:\/\/dgospel.com.br\/portal\/index.php\/wp-json\/wp\/v2\/types\/post"}],"author":[{"embeddable":true,"href":"https:\/\/dgospel.com.br\/portal\/index.php\/wp-json\/wp\/v2\/users\/2"}],"replies":[{"embeddable":true,"href":"https:\/\/dgospel.com.br\/portal\/index.php\/wp-json\/wp\/v2\/comments?post=4924"}],"version-history":[{"count":1,"href":"https:\/\/dgospel.com.br\/portal\/index.php\/wp-json\/wp\/v2\/posts\/4924\/revisions"}],"predecessor-version":[{"id":4926,"href":"https:\/\/dgospel.com.br\/portal\/index.php\/wp-json\/wp\/v2\/posts\/4924\/revisions\/4926"}],"wp:featuredmedia":[{"embeddable":true,"href":"https:\/\/dgospel.com.br\/portal\/index.php\/wp-json\/wp\/v2\/media\/4925"}],"wp:attachment":[{"href":"https:\/\/dgospel.com.br\/portal\/index.php\/wp-json\/wp\/v2\/media?parent=4924"}],"wp:term":[{"taxonomy":"category","embeddable":true,"href":"https:\/\/dgospel.com.br\/portal\/index.php\/wp-json\/wp\/v2\/categories?post=4924"},{"taxonomy":"post_tag","embeddable":true,"href":"https:\/\/dgospel.com.br\/portal\/index.php\/wp-json\/wp\/v2\/tags?post=4924"}],"curies":[{"name":"wp","href":"https:\/\/api.w.org\/{rel}","templated":true}]}}