{"id":4927,"date":"2020-02-18T10:34:40","date_gmt":"2020-02-18T13:34:40","guid":{"rendered":"http:\/\/dgospel.com.br\/portal\/?p=4927"},"modified":"2020-02-18T10:34:41","modified_gmt":"2020-02-18T13:34:41","slug":"tocantins-sera-o-primeiro-estado-da-regiao-norte-a-contar-com-agencias-do-banco-de-brasilia","status":"publish","type":"post","link":"https:\/\/dgospel.com.br\/portal\/index.php\/2020\/02\/18\/tocantins-sera-o-primeiro-estado-da-regiao-norte-a-contar-com-agencias-do-banco-de-brasilia\/","title":{"rendered":"Tocantins ser\u00e1 o primeiro estado da regi\u00e3o Norte a contar com ag\u00eancias do Banco de Bras\u00edlia"},"content":{"rendered":"\n<p>O secret\u00e1rio de Ind\u00fastria, Com\u00e9rcio e Servi\u00e7os do Estado, Tom Lyra, representou o governador do Tocantins, Mauro Carlesse, na cerim\u00f4nia de assinatura do termo de coopera\u00e7\u00e3o entre a Federa\u00e7\u00e3o do Com\u00e9rcio de Bens, Servi\u00e7os e Turismo (Fecom\u00e9rcio\/TO) e o Banco de Bras\u00edlia (BRB). O evento ocorreu na tarde desta segunda-feira, 17, no audit\u00f3rio do Servi\u00e7o Nacional de Aprendizagem Comercial (Senac\/TO).<\/p>\n\n\n\n<p>O Tocantins ser\u00e1 o primeiro Estado da regi\u00e3o Norte do Brasil a ter instala\u00e7\u00f5es do BRB. A institui\u00e7\u00e3o possui linhas de cr\u00e9dito voltadas para o agroneg\u00f3cio e aquisi\u00e7\u00e3o de equipamentos, juros competitivos no financiamento da casa pr\u00f3pria e em empr\u00e9stimos consignados para os servidores p\u00fablicos, al\u00e9m de interesse em formatar parcerias com o Instituto de Gest\u00e3o Previdenci\u00e1ria do Tocantins (Igeprev) e a Ag\u00eancia de Fomento.<\/p>\n\n\n\n<p>Durante o evento, o secret\u00e1rio Tom Lyra fez um balan\u00e7o do crescimento do Tocantins. \u201cFechamos 2019 com os n\u00fameros de Caged [Cadastro Geral de Empregados e Desempregados] apontando 2.2 de crescimento de emprego. O nosso PIB [Produto Interno Bruto] de 2008 at\u00e9 2018 cresceu 120%. Hoje, o Tocantins possui um PIB de R$ 28,8 bilh\u00f5es. Para se uma ter ideia, o Com\u00e9rcio e Servi\u00e7o ainda puxam o nosso desenvolvimento. Mas tenho certeza, que o que faltam s\u00e3o iniciativas como estas, de trazer o desenvolvimento. Queremos juntos chegar aos eixos\u201d.<\/p>\n\n\n\n<p>Na cerim\u00f4nia de assinatura, o presidente da institui\u00e7\u00e3o, Paulo Henrique Costa, apresentou as linhas de cr\u00e9dito do BRB. Segundo o gestor, o BRB j\u00e1 est\u00e1 no mercado h\u00e1 53 anos, cresceu mais de 20% em 2019 e est\u00e1 em processo de expans\u00e3o. \u201cIremos abrir pontos de atendimento, articular para o fomento do desenvolvimento regional, capacitar micro e pequenas empresas do setor, e desenvolver em conjunto com entidades de classe, solu\u00e7\u00f5es financeiras, produtos e servi\u00e7os espec\u00edficos\u201d, garantiu.<\/p>\n\n\n\n<p>As taxas variam, de 0,92% e 1,50%, de acordo com a linha de cr\u00e9dito escolhida e com prazo de at\u00e9 120 meses. \u201cEsperamos que, desta forma, a gente fomente a gera\u00e7\u00e3o de emprego e renda, estimule o empreendedorismo e d\u00ea as condi\u00e7\u00f5es necess\u00e1rias para que os empres\u00e1rios possam crescer e cumprir o seu principal papel, que \u00e9 construir melhores condi\u00e7\u00f5es de vida para si e para popula\u00e7\u00e3o\u201d, afirmou o presidente do BRB.<\/p>\n\n\n\n<p>J\u00e1 o governador de Bras\u00edlia, Ibaneis Rocha, disse que quer levar o banco a todas as cidades do Tocantins, se n\u00e3o diretamente, mas por meio das redes de correspondentes e tamb\u00e9m por meio do empresariado. \u201cQueremos refor\u00e7ar nossa parceria com o governador Mauro Carlesse, pela sua boa vontade no trabalho, pela sua forma organizada de trabalhar, por ser um homem direto. Temos a oportunidade de fazer sim, um grande desenvolvimento neste Estado que j\u00e1 nasceu grande e tem condi\u00e7\u00f5es de ser um dos maiores produtores, seja no agroneg\u00f3cio ou no com\u00e9rcio, industrializa\u00e7\u00e3o\u201d, finalizou.<\/p>\n\n\n\n<p><strong>Banco de Bras\u00edlia<\/strong><\/p>\n\n\n\n<p>O BRB \u00e9 uma institui\u00e7\u00e3o de sociedade de economia mista, cujo acionista majorit\u00e1rio \u00e9 o Governo do Distrito Federal. O banco possui 122 pontos de atendimento, sendo 116 ag\u00eancias, localizadas grande parte no Distrito Federal e as demais em Mato Grosso do Sul (MS), Mato Grosso (MT), Minas Gerais (MG), Goi\u00e1s (GO), Rio de Janeiro (RJ) e S\u00e3o Paulo (SP), al\u00e9m de seis Postos de Atendimentos no DF.<\/p>\n\n\n\n<p>&nbsp;A&nbsp;institui\u00e7\u00e3o conta com um quadro de 3.280 empregados. Al\u00e9m disso, possui o apoio de 450 estagi\u00e1rios, 120 aprendizes e 705 terceirizados, gerando assim mais de 4.500 postos de trabalho.<\/p>\n\n\n\n<p><strong>Presen\u00e7as<\/strong><\/p>\n\n\n\n<p>No evento, tamb\u00e9m estavam presentes o secret\u00e1rio de Estado Fazenda e Planejamento, Sandro Armando; a presidente da Ag\u00eancia de Fomento do Estado, Denise Rocha; e o secret\u00e1rio Extraordin\u00e1rio de Parcerias P\u00fablico-Privadas, Claudinei Quaresemin.<\/p>\n","protected":false},"excerpt":{"rendered":"<p>O secret\u00e1rio de Ind\u00fastria, Com\u00e9rcio e Servi\u00e7os do Estado, Tom Lyra, representou o governador do Tocantins, Mauro Carlesse, na cerim\u00f4nia de assinatura do termo de coopera\u00e7\u00e3o entre a Federa\u00e7\u00e3o do Com\u00e9rcio de Bens, Servi\u00e7os e Turismo (Fecom\u00e9rcio\/TO) e o Banco de Bras\u00edlia (BRB). O evento ocorreu na tarde desta segunda-feira, 17, no audit\u00f3rio do Servi\u00e7o [&hellip;]<\/p>\n","protected":false},"author":2,"featured_media":4928,"comment_status":"open","ping_status":"open","sticky":false,"template":"","format":"standard","meta":[],"categories":[3],"tags":[],"_links":{"self":[{"href":"https:\/\/dgospel.com.br\/portal\/index.php\/wp-json\/wp\/v2\/posts\/4927"}],"collection":[{"href":"https:\/\/dgospel.com.br\/portal\/index.php\/wp-json\/wp\/v2\/posts"}],"about":[{"href":"https:\/\/dgospel.com.br\/portal\/index.php\/wp-json\/wp\/v2\/types\/post"}],"author":[{"embeddable":true,"href":"https:\/\/dgospel.com.br\/portal\/index.php\/wp-json\/wp\/v2\/users\/2"}],"replies":[{"embeddable":true,"href":"https:\/\/dgospel.com.br\/portal\/index.php\/wp-json\/wp\/v2\/comments?post=4927"}],"version-history":[{"count":1,"href":"https:\/\/dgospel.com.br\/portal\/index.php\/wp-json\/wp\/v2\/posts\/4927\/revisions"}],"predecessor-version":[{"id":4929,"href":"https:\/\/dgospel.com.br\/portal\/index.php\/wp-json\/wp\/v2\/posts\/4927\/revisions\/4929"}],"wp:featuredmedia":[{"embeddable":true,"href":"https:\/\/dgospel.com.br\/portal\/index.php\/wp-json\/wp\/v2\/media\/4928"}],"wp:attachment":[{"href":"https:\/\/dgospel.com.br\/portal\/index.php\/wp-json\/wp\/v2\/media?parent=4927"}],"wp:term":[{"taxonomy":"category","embeddable":true,"href":"https:\/\/dgospel.com.br\/portal\/index.php\/wp-json\/wp\/v2\/categories?post=4927"},{"taxonomy":"post_tag","embeddable":true,"href":"https:\/\/dgospel.com.br\/portal\/index.php\/wp-json\/wp\/v2\/tags?post=4927"}],"curies":[{"name":"wp","href":"https:\/\/api.w.org\/{rel}","templated":true}]}}