{"id":4930,"date":"2020-02-18T10:36:34","date_gmt":"2020-02-18T13:36:34","guid":{"rendered":"http:\/\/dgospel.com.br\/portal\/?p=4930"},"modified":"2020-02-18T10:36:49","modified_gmt":"2020-02-18T13:36:49","slug":"procon-tocantins-apreende-cerca-de-28-mil-produtos-com-validade-vencida","status":"publish","type":"post","link":"https:\/\/dgospel.com.br\/portal\/index.php\/2020\/02\/18\/procon-tocantins-apreende-cerca-de-28-mil-produtos-com-validade-vencida\/","title":{"rendered":"Procon Tocantins apreende cerca de 2,8 mil produtos com validade vencida"},"content":{"rendered":"\n<p>O Procon Tocantins apreendeu cerca de 2,8 mil produtos impr\u00f3prios para o consumo em Palmas e em mais seis cidades do interior do Estado. A Opera\u00e7\u00e3o de Olho no Prazo de Validade ocorreu entre os dias 23 de janeiro a 14 de fevereiro e teve como alvo supermercados e atacados.<\/p>\n\n\n\n<p>\u201c\u00c9 uma infra\u00e7\u00e3o s\u00e9ria que coloca em risco a sa\u00fade do consumidor. O&nbsp;objetivo da a\u00e7\u00e3o \u00e9 garantir que o tocantinense n\u00e3o seja lesado. Principalmente porque tem aumentado o n\u00famero de apreens\u00f5es de produtos que n\u00e3o devem ser consumidos\u201d, destacou Walter Viana, superintendente do Procon Tocantins.<\/p>\n\n\n\n<p>Ao todo 2.747 produtos aliment\u00edcios, de higiene e limpeza foram retirados das prateleiras de 144 estabelecimentos. Sendo 1.679 apreens\u00f5es realizadas em Palmas, 455 em Gurupi, 348 em Dian\u00f3polis, 112 em Aragua\u00edna, 43 em Guara\u00ed, 22 em Colinas e 87 em Tocantin\u00f3polis. O \u00f3rg\u00e3o de Prote\u00e7\u00e3o e Defesa do Consumidor tamb\u00e9m realizou 34 autos de infra\u00e7\u00e3o e 12 notifica\u00e7\u00f5es por aus\u00eancia de pre\u00e7o nos produtos.<\/p>\n\n\n\n<p><strong>Orienta\u00e7\u00f5es<\/strong><\/p>\n\n\n\n<p>O gerente de fiscaliza\u00e7\u00e3o, Magno Silva, explicou que durante a opera\u00e7\u00e3o os fornecedores foram orientados sobre os danos da comercializa\u00e7\u00e3o de produtos impr\u00f3prios, sem origem comprovada, fora do prazo de validade ou que n\u00e3o apresentem as informa\u00e7\u00f5es claras e\/ou n\u00e3o traduzidas.<\/p>\n\n\n\n<p>\u201cEsta a\u00e7\u00e3o tamb\u00e9m chamou aten\u00e7\u00e3o para os cuidados que os estabelecimentos devem ter. E refor\u00e7amos que o consumidor que fizer suas compras se deparar com produtos com embalagens comprometidas, em situa\u00e7\u00f5es prec\u00e1rias&nbsp;de armazenamento&nbsp;e\/ou validade vencida devem denunciar no Disque 151, por meio do&nbsp;Whats Den\u00fancia&nbsp;no 99216-6840\u201d, ressaltou Magno Silva.<\/p>\n\n\n\n<p><strong>Produtos vencidos apreendidos<\/strong><\/p>\n\n\n\n<p>Foram apreendidos lingui\u00e7as, temperos, caf\u00e9, macarr\u00e3o instant\u00e2neo, queijo, maionese, farinha, p\u00e3o de forma, bolacha, requeij\u00e3o cremoso, cappuccino, sucos, cervejas, \u00f3leo de soja, molho de alho, extrato de tomate, cacau em p\u00f3, doce de leite, rapadura, salame defumado, iogurte, feite fermentado, torresmo, creme de leite, farelo de trigo, macarr\u00e3o, refrigerante, fermento biol\u00f3gico, barra de chocolate, pipoca, coco ralado, amendoim, pizza, peito de frango, energ\u00e9tico, hamb\u00farguer, shampoo, amaciante, \u00e1lcool em gel, detergente automotivo, silicone spray, limpa tudo, removedor de ceras, sabonete, antitranspirante e alvejante perfumado, entre outros.<\/p>\n","protected":false},"excerpt":{"rendered":"<p>O Procon Tocantins apreendeu cerca de 2,8 mil produtos impr\u00f3prios para o consumo em Palmas e em mais seis cidades do interior do Estado. A Opera\u00e7\u00e3o de Olho no Prazo de Validade ocorreu entre os dias 23 de janeiro a 14 de fevereiro e teve como alvo supermercados e atacados. \u201c\u00c9 uma infra\u00e7\u00e3o s\u00e9ria que [&hellip;]<\/p>\n","protected":false},"author":2,"featured_media":4931,"comment_status":"open","ping_status":"open","sticky":false,"template":"","format":"standard","meta":[],"categories":[3],"tags":[],"_links":{"self":[{"href":"https:\/\/dgospel.com.br\/portal\/index.php\/wp-json\/wp\/v2\/posts\/4930"}],"collection":[{"href":"https:\/\/dgospel.com.br\/portal\/index.php\/wp-json\/wp\/v2\/posts"}],"about":[{"href":"https:\/\/dgospel.com.br\/portal\/index.php\/wp-json\/wp\/v2\/types\/post"}],"author":[{"embeddable":true,"href":"https:\/\/dgospel.com.br\/portal\/index.php\/wp-json\/wp\/v2\/users\/2"}],"replies":[{"embeddable":true,"href":"https:\/\/dgospel.com.br\/portal\/index.php\/wp-json\/wp\/v2\/comments?post=4930"}],"version-history":[{"count":1,"href":"https:\/\/dgospel.com.br\/portal\/index.php\/wp-json\/wp\/v2\/posts\/4930\/revisions"}],"predecessor-version":[{"id":4932,"href":"https:\/\/dgospel.com.br\/portal\/index.php\/wp-json\/wp\/v2\/posts\/4930\/revisions\/4932"}],"wp:featuredmedia":[{"embeddable":true,"href":"https:\/\/dgospel.com.br\/portal\/index.php\/wp-json\/wp\/v2\/media\/4931"}],"wp:attachment":[{"href":"https:\/\/dgospel.com.br\/portal\/index.php\/wp-json\/wp\/v2\/media?parent=4930"}],"wp:term":[{"taxonomy":"category","embeddable":true,"href":"https:\/\/dgospel.com.br\/portal\/index.php\/wp-json\/wp\/v2\/categories?post=4930"},{"taxonomy":"post_tag","embeddable":true,"href":"https:\/\/dgospel.com.br\/portal\/index.php\/wp-json\/wp\/v2\/tags?post=4930"}],"curies":[{"name":"wp","href":"https:\/\/api.w.org\/{rel}","templated":true}]}}