{"id":4942,"date":"2020-02-18T11:23:34","date_gmt":"2020-02-18T14:23:34","guid":{"rendered":"http:\/\/dgospel.com.br\/portal\/?p=4942"},"modified":"2020-02-18T11:23:36","modified_gmt":"2020-02-18T14:23:36","slug":"deputado-cria-lei-para-proibir-o-uso-de-simbolos-religiosos-no-carnaval","status":"publish","type":"post","link":"https:\/\/dgospel.com.br\/portal\/index.php\/2020\/02\/18\/deputado-cria-lei-para-proibir-o-uso-de-simbolos-religiosos-no-carnaval\/","title":{"rendered":"Deputado cria lei para proibir o uso de s\u00edmbolos religiosos no carnaval"},"content":{"rendered":"\n<p>Nos \u00faltimos anos se tornou banal, durante os dias de carnaval, o\nuso de s\u00edmbolos religiosos em blocos e desfiles de escolas de samba, uma\npr\u00e1tica que na maioria das vezes termina resultando em vilip\u00eandio, um tipo de\ncrime que apesar de tipificado em lei, n\u00e3o parece estar sendo suficiente para\ninibir a exist\u00eancia de novos casos.<\/p>\n\n\n\n<p>Pensando nisso, o deputado Rosenverg Reis (MDB) criou uma lei\npara tentar proibir o uso de s\u00edmbolos religiosos no carnaval do Rio de Janeiro,\n\u201csem a devida autoriza\u00e7\u00e3o da respectiva institui\u00e7\u00e3o religiosa\u201d, infirmou&nbsp;<a href=\"https:\/\/blogs.oglobo.globo.com\/ancelmo\/post\/carnaval-alerj-tenta-regulamentar-os-blocos-mas-deputado-quer-impedir-o-uso-de-simbolos-regliosos.html\">O Globo<\/a>.<\/p>\n\n\n\n<p>Se trata de uma emenda a um projeto de lei que pretende\nregulamentar o carnaval de rua em todo o estado, especificamente os blocos\ntradicionais que n\u00e3o contam com estrutura f\u00edsica montada, como palcos e\nequipamentos de som.<\/p>\n\n\n\n<p>\u201c\u00c9 livre em todo o territ\u00f3rio do Estado do Rio de Janeiro, a\nmanifesta\u00e7\u00e3o de pensamento, popular, cultural, inclusive os blocos\ncarnavalescos de rua, sendo vedada a estipula\u00e7\u00e3o de regras e\/ou exig\u00eancias que\ntenham por objetivo dificultar a sua realiza\u00e7\u00e3o\u201d, diz o texto do projeto.<\/p>\n\n\n\n\n\n<p>\n\n\n\nSegundo informa\u00e7\u00f5es do G1, o presidente da Assembleia Legislativa do Rio de\nJaneiro (Alerj), deputado Andr\u00e9 Ceciliano (PT), \u00e9 quem est\u00e1 articulando na casa\no projeto de lei. A emenda de Rosenverg Reis, por outro lado, dever\u00e1 encontrar\nresist\u00eancia por parte dos progressistas para a sua inclus\u00e3o no texto.<\/p>\n\n\n\n<h2>S\u00edmbolos religiosos\nno carnaval<\/h2>\n\n\n\n<p>A utiliza\u00e7\u00e3o de s\u00edmbolos religiosos no carnaval entrou no debate\np\u00fablico de forma mais acirrada na \u00faltima edi\u00e7\u00e3o do desfile das escolas de\nsamba, quando&nbsp;<a href=\"https:\/\/noticias.gospelmais.com.br\/gavioes-ataca-fe-crista-diabo-jesus-108873.html\">a Gavi\u00f5es da Fiel<\/a>&nbsp;retratou\na \u201cderrota de Cristo\u201d por Satan\u00e1s no enredo intitulado \u201cA saliva do santo e o\nveneno da serpente\u201d.<\/p>\n\n\n\n<p>O caso provocou a indigna\u00e7\u00e3o de muitos crist\u00e3os e parlamentares,\ngerando uma s\u00e9rie de debates sobre a diferen\u00e7a entre liberdade de express\u00e3o,\ncultura e vilip\u00eandio aos s\u00edmbolos sagrados.<\/p>\n","protected":false},"excerpt":{"rendered":"<p>Nos \u00faltimos anos se tornou banal, durante os dias de carnaval, o uso de s\u00edmbolos religiosos em blocos e desfiles de escolas de samba, uma pr\u00e1tica que na maioria das vezes termina resultando em vilip\u00eandio, um tipo de crime que apesar de tipificado em lei, n\u00e3o parece estar sendo suficiente para inibir a exist\u00eancia de [&hellip;]<\/p>\n","protected":false},"author":2,"featured_media":4943,"comment_status":"open","ping_status":"open","sticky":false,"template":"","format":"standard","meta":[],"categories":[8,4],"tags":[],"_links":{"self":[{"href":"https:\/\/dgospel.com.br\/portal\/index.php\/wp-json\/wp\/v2\/posts\/4942"}],"collection":[{"href":"https:\/\/dgospel.com.br\/portal\/index.php\/wp-json\/wp\/v2\/posts"}],"about":[{"href":"https:\/\/dgospel.com.br\/portal\/index.php\/wp-json\/wp\/v2\/types\/post"}],"author":[{"embeddable":true,"href":"https:\/\/dgospel.com.br\/portal\/index.php\/wp-json\/wp\/v2\/users\/2"}],"replies":[{"embeddable":true,"href":"https:\/\/dgospel.com.br\/portal\/index.php\/wp-json\/wp\/v2\/comments?post=4942"}],"version-history":[{"count":1,"href":"https:\/\/dgospel.com.br\/portal\/index.php\/wp-json\/wp\/v2\/posts\/4942\/revisions"}],"predecessor-version":[{"id":4944,"href":"https:\/\/dgospel.com.br\/portal\/index.php\/wp-json\/wp\/v2\/posts\/4942\/revisions\/4944"}],"wp:featuredmedia":[{"embeddable":true,"href":"https:\/\/dgospel.com.br\/portal\/index.php\/wp-json\/wp\/v2\/media\/4943"}],"wp:attachment":[{"href":"https:\/\/dgospel.com.br\/portal\/index.php\/wp-json\/wp\/v2\/media?parent=4942"}],"wp:term":[{"taxonomy":"category","embeddable":true,"href":"https:\/\/dgospel.com.br\/portal\/index.php\/wp-json\/wp\/v2\/categories?post=4942"},{"taxonomy":"post_tag","embeddable":true,"href":"https:\/\/dgospel.com.br\/portal\/index.php\/wp-json\/wp\/v2\/tags?post=4942"}],"curies":[{"name":"wp","href":"https:\/\/api.w.org\/{rel}","templated":true}]}}