{"id":4945,"date":"2020-02-18T11:28:51","date_gmt":"2020-02-18T14:28:51","guid":{"rendered":"http:\/\/dgospel.com.br\/portal\/?p=4945"},"modified":"2020-02-18T11:28:52","modified_gmt":"2020-02-18T14:28:52","slug":"organizador-da-marcha-para-o-diabo-diz-que-vai-ter-satanas-nas-escolas-publicas","status":"publish","type":"post","link":"https:\/\/dgospel.com.br\/portal\/index.php\/2020\/02\/18\/organizador-da-marcha-para-o-diabo-diz-que-vai-ter-satanas-nas-escolas-publicas\/","title":{"rendered":"Organizador da marcha para o diabo diz que \u201cvai ter Satan\u00e1s nas escolas p\u00fablicas\u201d"},"content":{"rendered":"\n<p>Belo Horizonte ser\u00e1 palco de uma marcha que est\u00e1 sendo chamada de \u201cMarcha para Satan\u00e1s\u201d. Considerado o primeiro do Brasil, o evento supostamente pretende chamar aten\u00e7\u00e3o para a a import\u00e2ncia do \u201cEstado laico\u201d, entre outras pautas progressistas j\u00e1 bastante conhecidas.<\/p>\n\n\n\n<p>Para um dos organizadores da marcha, o evento tamb\u00e9m \u00e9 visto como uma forma de \u201cprotesto\u201d contra quest\u00f5es que consideram \u201cabusos\u201d por parte de outras religi\u00f5es ou pelo poder p\u00fablico.<\/p>\n\n\n\n<p>\u201cNosso protesto \u00e9 principalmente a favor do Estado laico e das liberdades individuais\u201d, disse um dos organizadores em uma entrevista para o&nbsp;<a href=\"https:\/\/bhaz.com.br\/2020\/02\/11\/marcha-para-satanas\/\">Bhaz<\/a>. Segundo o portal, ele preferiu n\u00e3o revelar a sua identidade.<\/p>\n\n\n\n<p>O pensamento dos organizadores reproduz a narrativa de \u201cpersegui\u00e7\u00e3o\u201d adotada por alguns segmentos sociais, o que para eles justificaria a marcha como um ato de \u201cprotesto\u201d diante dos supostos abusos cometidos por alguns setores.<\/p>\n\n\n\n\n\n<p>\u201dMuita gente \u00e9 perseguida por n\u00e3o se adequar aos padr\u00f5es colocados pelas religi\u00f5es. Homossexuais, travestis, pessoas de religi\u00f5es de origem africana, s\u00e3o colocadas \u00e0 margem da sociedade por causa desse conservadorismo medieval\u201d, afirmou o entrevistado.<\/p>\n\n\n\n<p>O Brasil \u00e9 um pa\u00eds laico, muito embora a maioria absoluta da sua popula\u00e7\u00e3o seja crist\u00e3. Para os organizadores da \u201cMarcha para Satan\u00e1s\u201d, no entanto, existe diferen\u00e7a de tratamento por parte do poder p\u00fablico.<\/p>\n\n\n\n<p>\u201cSe as portas da pol\u00edtica p\u00fablica est\u00e3o abertas pra uma religi\u00e3o, t\u00eam que estar abertas para todas. Se vai ter Jesus nas escolas p\u00fablicas, vai ter Satan\u00e1s nas escolas p\u00fablicas\u201d, afirmou o organizador.<\/p>\n\n\n\n<p>\u201cSe os im\u00f3veis de igrejas n\u00e3o pagam impostos, as casas daqueles que se declaram satanistas tamb\u00e9m tem que estar isentas\u201d, disse ele.<\/p>\n\n\n\n\n\n<p>Inspirado em organiza\u00e7\u00f5es como o Templo Sat\u00e2nico e a Global Order of Satan, os idealizadores pretendem afastar a imagem naturalmente maligna associada aos adoradores de Satan\u00e1s.<\/p>\n\n\n\n<p>\u201cQueremos fazer um protesto divertido, sat\u00edrico e blasf\u00eamico, e convidar a sociedade a ter mais pensamento cr\u00edtico, mais empatia e substituir a sua intoler\u00e2ncia pelo amor\u201d, afirmou o organizador.<\/p>\n\n\n\n<p>Fonte: gospelmais<\/p>\n","protected":false},"excerpt":{"rendered":"<p>Belo Horizonte ser\u00e1 palco de uma marcha que est\u00e1 sendo chamada de \u201cMarcha para Satan\u00e1s\u201d. Considerado o primeiro do Brasil, o evento supostamente pretende chamar aten\u00e7\u00e3o para a a import\u00e2ncia do \u201cEstado laico\u201d, entre outras pautas progressistas j\u00e1 bastante conhecidas. Para um dos organizadores da marcha, o evento tamb\u00e9m \u00e9 visto como uma forma de [&hellip;]<\/p>\n","protected":false},"author":2,"featured_media":4946,"comment_status":"open","ping_status":"open","sticky":false,"template":"","format":"standard","meta":[],"categories":[5],"tags":[],"_links":{"self":[{"href":"https:\/\/dgospel.com.br\/portal\/index.php\/wp-json\/wp\/v2\/posts\/4945"}],"collection":[{"href":"https:\/\/dgospel.com.br\/portal\/index.php\/wp-json\/wp\/v2\/posts"}],"about":[{"href":"https:\/\/dgospel.com.br\/portal\/index.php\/wp-json\/wp\/v2\/types\/post"}],"author":[{"embeddable":true,"href":"https:\/\/dgospel.com.br\/portal\/index.php\/wp-json\/wp\/v2\/users\/2"}],"replies":[{"embeddable":true,"href":"https:\/\/dgospel.com.br\/portal\/index.php\/wp-json\/wp\/v2\/comments?post=4945"}],"version-history":[{"count":1,"href":"https:\/\/dgospel.com.br\/portal\/index.php\/wp-json\/wp\/v2\/posts\/4945\/revisions"}],"predecessor-version":[{"id":4947,"href":"https:\/\/dgospel.com.br\/portal\/index.php\/wp-json\/wp\/v2\/posts\/4945\/revisions\/4947"}],"wp:featuredmedia":[{"embeddable":true,"href":"https:\/\/dgospel.com.br\/portal\/index.php\/wp-json\/wp\/v2\/media\/4946"}],"wp:attachment":[{"href":"https:\/\/dgospel.com.br\/portal\/index.php\/wp-json\/wp\/v2\/media?parent=4945"}],"wp:term":[{"taxonomy":"category","embeddable":true,"href":"https:\/\/dgospel.com.br\/portal\/index.php\/wp-json\/wp\/v2\/categories?post=4945"},{"taxonomy":"post_tag","embeddable":true,"href":"https:\/\/dgospel.com.br\/portal\/index.php\/wp-json\/wp\/v2\/tags?post=4945"}],"curies":[{"name":"wp","href":"https:\/\/api.w.org\/{rel}","templated":true}]}}