{"id":495,"date":"2018-06-08T17:07:28","date_gmt":"2018-06-08T20:07:28","guid":{"rendered":"http:\/\/dgospel.com.br\/portal\/?p=495"},"modified":"2018-06-08T17:07:28","modified_gmt":"2018-06-08T20:07:28","slug":"carlesse-ratifica-condicao-de-ficha-limpa-e-apresenta-oito-certidoes-negativas-da-justica-estadual-e-federal","status":"publish","type":"post","link":"https:\/\/dgospel.com.br\/portal\/index.php\/2018\/06\/08\/carlesse-ratifica-condicao-de-ficha-limpa-e-apresenta-oito-certidoes-negativas-da-justica-estadual-e-federal\/","title":{"rendered":"Carlesse ratifica condi\u00e7\u00e3o de ficha limpa e apresenta oito certid\u00f5es negativas da Justi\u00e7a Estadual e Federal"},"content":{"rendered":"<p><span style=\"color: #26282a; font-family: 'Helvetica Neue', Helvetica, Arial, sans-serif; font-size: 13px; background-color: #ffffff;\">O governador Mauro Carlesse, da coliga\u00e7\u00e3o Governo de Atitude, est\u00e1 disponibilizando para a opini\u00e3o p\u00fablica todas as certid\u00f5es negativas exigidas para o exerc\u00edcio da vida p\u00fablica e candidatura. Empres\u00e1rio e exercendo o primeiro mandato de deputado estadual, o governador interino destacou que n\u00e3o possui qualquer condena\u00e7\u00e3o na justi\u00e7a. \u201cConstru\u00ed minha vida na iniciativa privada, \u00e9 das minhas empresas que tiro o sustento de minha fam\u00edlia e n\u00e3o tenho meu nome envolvido em corrup\u00e7\u00e3o\u201d, disse Carlesse.<\/span><br style=\"color: #26282a; font-family: 'Helvetica Neue', Helvetica, Arial, sans-serif; font-size: 13px; background-color: #ffffff;\" \/><br style=\"color: #26282a; font-family: 'Helvetica Neue', Helvetica, Arial, sans-serif; font-size: 13px; background-color: #ffffff;\" \/><span style=\"color: #26282a; font-family: 'Helvetica Neue', Helvetica, Arial, sans-serif; font-size: 13px; background-color: #ffffff;\">Ao todo, est\u00e3o sendo publicadas oito certid\u00f5es negativas de Mauro Carlesse:\u00a0 Certid\u00e3o Negativa de Distribui\u00e7\u00e3o para Fins Gerais &#8211; C\u00edveis e Criminais, da Justi\u00e7a Federal &#8211; Se\u00e7\u00e3o Judici\u00e1ria do Estado do Tocantins; Certid\u00e3o Negativa de Distribui\u00e7\u00e3o para Fins Gerais \u2013 C\u00edveis e Criminais, da Justi\u00e7a Federal &#8211; Subse\u00e7\u00e3o Judici\u00e1ria de Gurupi; Certid\u00e3o Negativa de Distribui\u00e7\u00e3o para Fins Gerais \u2013 C\u00edveis e Criminais, da Justi\u00e7a Federal &#8211; Subse\u00e7\u00e3o Judici\u00e1ria de Aragua\u00edna; Certid\u00e3o Negativa de Distribui\u00e7\u00e3o para Fins Gerais \u2013 C\u00edveis e Criminais, Se\u00e7\u00e3o Judici\u00e1ria do Estado do Tocantins, Local; Certid\u00e3o Negativa de A\u00e7\u00f5es e Execu\u00e7\u00f5es C\u00edveis e Criminais no Poder Judici\u00e1rio do Estado do Toc antins; Certid\u00e3o Negativa da Justi\u00e7a Eleitoral; Certid\u00e3o Negativa de Antecedentes Eleitorais e a Certid\u00e3o de Tr\u00e2nsito em Julgado sobre o registro de candidatura nestas elei\u00e7\u00f5es suplementares.\u00a0<\/span><br style=\"color: #26282a; font-family: 'Helvetica Neue', Helvetica, Arial, sans-serif; font-size: 13px; background-color: #ffffff;\" \/><br style=\"color: #26282a; font-family: 'Helvetica Neue', Helvetica, Arial, sans-serif; font-size: 13px; background-color: #ffffff;\" \/><span style=\"color: #26282a; font-family: 'Helvetica Neue', Helvetica, Arial, sans-serif; font-size: 13px; background-color: #ffffff;\">\u201cN\u00f3s sabemos que as not\u00edcias falsas dos nossos advers\u00e1rios n\u00e3o est\u00e3o recebendo cr\u00e9dito dos tocantinenses. Mas como gosto de falar a verdade e n\u00e3o tenho nada a esconder, estou colocando \u00e0 disposi\u00e7\u00e3o de todos essas certid\u00f5es negativas para comprovar o que o povo j\u00e1 sabe, que sou ficha limpa. Nesta elei\u00e7\u00e3o, s\u00f3 um candidato nunca respondeu a processo por corrup\u00e7\u00e3o, e esse candidato sou eu\u201d, finalizou.<\/span><\/p>\n","protected":false},"excerpt":{"rendered":"<p>O governador Mauro Carlesse, da coliga\u00e7\u00e3o Governo de Atitude, est\u00e1 disponibilizando para a opini\u00e3o p\u00fablica todas as certid\u00f5es negativas exigidas para o exerc\u00edcio da vida p\u00fablica e candidatura. Empres\u00e1rio e exercendo o primeiro mandato de deputado estadual, o governador interino destacou que n\u00e3o possui qualquer condena\u00e7\u00e3o na justi\u00e7a. \u201cConstru\u00ed minha vida na iniciativa privada, \u00e9 [&hellip;]<\/p>\n","protected":false},"author":2,"featured_media":355,"comment_status":"open","ping_status":"open","sticky":false,"template":"","format":"standard","meta":[],"categories":[2,4],"tags":[],"_links":{"self":[{"href":"https:\/\/dgospel.com.br\/portal\/index.php\/wp-json\/wp\/v2\/posts\/495"}],"collection":[{"href":"https:\/\/dgospel.com.br\/portal\/index.php\/wp-json\/wp\/v2\/posts"}],"about":[{"href":"https:\/\/dgospel.com.br\/portal\/index.php\/wp-json\/wp\/v2\/types\/post"}],"author":[{"embeddable":true,"href":"https:\/\/dgospel.com.br\/portal\/index.php\/wp-json\/wp\/v2\/users\/2"}],"replies":[{"embeddable":true,"href":"https:\/\/dgospel.com.br\/portal\/index.php\/wp-json\/wp\/v2\/comments?post=495"}],"version-history":[{"count":1,"href":"https:\/\/dgospel.com.br\/portal\/index.php\/wp-json\/wp\/v2\/posts\/495\/revisions"}],"predecessor-version":[{"id":496,"href":"https:\/\/dgospel.com.br\/portal\/index.php\/wp-json\/wp\/v2\/posts\/495\/revisions\/496"}],"wp:featuredmedia":[{"embeddable":true,"href":"https:\/\/dgospel.com.br\/portal\/index.php\/wp-json\/wp\/v2\/media\/355"}],"wp:attachment":[{"href":"https:\/\/dgospel.com.br\/portal\/index.php\/wp-json\/wp\/v2\/media?parent=495"}],"wp:term":[{"taxonomy":"category","embeddable":true,"href":"https:\/\/dgospel.com.br\/portal\/index.php\/wp-json\/wp\/v2\/categories?post=495"},{"taxonomy":"post_tag","embeddable":true,"href":"https:\/\/dgospel.com.br\/portal\/index.php\/wp-json\/wp\/v2\/tags?post=495"}],"curies":[{"name":"wp","href":"https:\/\/api.w.org\/{rel}","templated":true}]}}