{"id":4956,"date":"2020-02-20T18:16:55","date_gmt":"2020-02-20T21:16:55","guid":{"rendered":"http:\/\/dgospel.com.br\/portal\/?p=4956"},"modified":"2020-02-20T18:16:56","modified_gmt":"2020-02-20T21:16:56","slug":"ministra-da-agricultura-confirma-presenca-na-agrotins-2020","status":"publish","type":"post","link":"https:\/\/dgospel.com.br\/portal\/index.php\/2020\/02\/20\/ministra-da-agricultura-confirma-presenca-na-agrotins-2020\/","title":{"rendered":"Ministra da Agricultura confirma presen\u00e7a na Agrotins 2020"},"content":{"rendered":"\n<p>A ministra da&nbsp;Agricultura, Pecu\u00e1ria e Abastecimento, Tereza Cristina, confirmou presen\u00e7a na Feira de Tecnologia Agropecu\u00e1ria do Tocantins (Agrotins), que ser\u00e1 realizada de 5 a 9 de maio, no Centro Agrotecnol\u00f3gico de Palmas\/TO, e que tem como tema<em>&nbsp;Cerrado Sustent\u00e1vel<\/em>. O convite foi feito pessoalmente \u00e0 ministra na noite desta quarta-feira, 19, pelo secret\u00e1rio de Estado da Agricultura, Pecu\u00e1ria e Aquicultura, C\u00e9sar Halum. \u201cAno passado, fiz o compromisso de ir, mas uma viagem internacional me impediu de estar presente. Estou com essa d\u00edvida com voc\u00eas e agora, em 2020, estarei presente\u201d, destacou a ministra.<\/p>\n\n\n\n<p>Na oportunidade, o secret\u00e1rio C\u00e9sar Halum,o&nbsp;vice-governador Wanderlei Barbosa, o senador Eduardo Gomes, o deputado federal Carlos Henrique Gaguim, o deputado estadual Ricardo Ayres, e o diretor da Embrapa e Aquicultura, Alexandre Freitas, solicitaram a manuten\u00e7\u00e3o da excepcionalidade para produ\u00e7\u00e3o de sementes de soja na Lagoa da Confus\u00e3o durante o vazio sanit\u00e1rio.<\/p>\n\n\n\n<p>\u201cO Tocantins possui uma autoriza\u00e7\u00e3o de excepcionalidade para produ\u00e7\u00e3o de sementes de soja durante o vazio sanit\u00e1rio em Lagoa da Confus\u00e3o e outros munic\u00edpios. Por isso, somos o \u00fanico estado do pa\u00eds que pode produzir sementes e as vendemos para oito estados brasileiros\u201d, informou o secret\u00e1rio, esclarecendo que atualmente existe uma guerra comercial,&nbsp;querendo impedir que o Tocantins permane\u00e7a com essa excepcionalidade.<\/p>\n\n\n\n<p>Durante a reuni\u00e3o com a ministra Tereza, o secret\u00e1rio refor\u00e7ou que o Tocantins possui toda seguran\u00e7a t\u00e9cnica e sanit\u00e1ria necess\u00e1ria para assegurar a continuidade da autoriza\u00e7\u00e3o. \u201cApresentamos todos os relat\u00f3rios e os documentos necess\u00e1rios, e a ministra nos garantiu que a decis\u00e3o ser\u00e1 tomada tecnicamente, seguindo as normas e os crit\u00e9rios do Minist\u00e9rio da Agricultura, o que nos tranquiliza\u201d, detalhou C\u00e9sar Halum.<\/p>\n","protected":false},"excerpt":{"rendered":"<p>A ministra da&nbsp;Agricultura, Pecu\u00e1ria e Abastecimento, Tereza Cristina, confirmou presen\u00e7a na Feira de Tecnologia Agropecu\u00e1ria do Tocantins (Agrotins), que ser\u00e1 realizada de 5 a 9 de maio, no Centro Agrotecnol\u00f3gico de Palmas\/TO, e que tem como tema&nbsp;Cerrado Sustent\u00e1vel. O convite foi feito pessoalmente \u00e0 ministra na noite desta quarta-feira, 19, pelo secret\u00e1rio de Estado da [&hellip;]<\/p>\n","protected":false},"author":2,"featured_media":4957,"comment_status":"open","ping_status":"open","sticky":false,"template":"","format":"standard","meta":[],"categories":[3],"tags":[],"_links":{"self":[{"href":"https:\/\/dgospel.com.br\/portal\/index.php\/wp-json\/wp\/v2\/posts\/4956"}],"collection":[{"href":"https:\/\/dgospel.com.br\/portal\/index.php\/wp-json\/wp\/v2\/posts"}],"about":[{"href":"https:\/\/dgospel.com.br\/portal\/index.php\/wp-json\/wp\/v2\/types\/post"}],"author":[{"embeddable":true,"href":"https:\/\/dgospel.com.br\/portal\/index.php\/wp-json\/wp\/v2\/users\/2"}],"replies":[{"embeddable":true,"href":"https:\/\/dgospel.com.br\/portal\/index.php\/wp-json\/wp\/v2\/comments?post=4956"}],"version-history":[{"count":1,"href":"https:\/\/dgospel.com.br\/portal\/index.php\/wp-json\/wp\/v2\/posts\/4956\/revisions"}],"predecessor-version":[{"id":4958,"href":"https:\/\/dgospel.com.br\/portal\/index.php\/wp-json\/wp\/v2\/posts\/4956\/revisions\/4958"}],"wp:featuredmedia":[{"embeddable":true,"href":"https:\/\/dgospel.com.br\/portal\/index.php\/wp-json\/wp\/v2\/media\/4957"}],"wp:attachment":[{"href":"https:\/\/dgospel.com.br\/portal\/index.php\/wp-json\/wp\/v2\/media?parent=4956"}],"wp:term":[{"taxonomy":"category","embeddable":true,"href":"https:\/\/dgospel.com.br\/portal\/index.php\/wp-json\/wp\/v2\/categories?post=4956"},{"taxonomy":"post_tag","embeddable":true,"href":"https:\/\/dgospel.com.br\/portal\/index.php\/wp-json\/wp\/v2\/tags?post=4956"}],"curies":[{"name":"wp","href":"https:\/\/api.w.org\/{rel}","templated":true}]}}