{"id":4959,"date":"2020-02-20T18:26:48","date_gmt":"2020-02-20T21:26:48","guid":{"rendered":"http:\/\/dgospel.com.br\/portal\/?p=4959"},"modified":"2020-02-20T18:26:50","modified_gmt":"2020-02-20T21:26:50","slug":"brasil-e-o-quarto-pais-com-mais-cristaos-evangelicos-aponta-pesquisa","status":"publish","type":"post","link":"https:\/\/dgospel.com.br\/portal\/index.php\/2020\/02\/20\/brasil-e-o-quarto-pais-com-mais-cristaos-evangelicos-aponta-pesquisa\/","title":{"rendered":"Brasil \u00e9 o quarto pa\u00eds com mais crist\u00e3os evang\u00e9licos, aponta pesquisa"},"content":{"rendered":"\n<p>S\u00e9bastien Fath, historiador e pesquisador do CNRS (Centro Nacional de Pesquisa Cient\u00edfica, na Fran\u00e7a, acaba de divulgar o levantado feito por ele sobre quantos&nbsp;<strong><a href=\"https:\/\/guiame.com.br\/gospel\/mundo-cristao\/igreja-evangelica-e-que-mais-atrai-mulheres-negros-e-jovens-diz-datafolha.html\">evang\u00e9licos<\/a>&nbsp;<\/strong>t\u00eam no mundo atual.<\/p>\n\n\n\n<p>Especialista em protestantismo evang\u00e9lico, ele nos fornece as estat\u00edsticas mais recentes sobre evangelismo em todo o mundo. \u00c9 uma verdadeira &#8220;vis\u00e3o geral do planeta evang\u00e9lico&#8221;, cuja estimativa no in\u00edcio de 2020 abarca 660 milh\u00f5es de pessoas.<\/p>\n\n\n\n<p>Os evang\u00e9licos s\u00e3o a express\u00e3o mais comum do protestantismo em todo o mundo (640 milh\u00f5es dos 900 milh\u00f5es de protestantes).<\/p>\n\n\n\n<p>Os evang\u00e9licos se re\u00fanem em torno de duas coisas: a) foco na comunidade local de convertidos; b) evangeliza\u00e7\u00e3o em torno de um Deus que salva, cura e restaura.<\/p>\n\n\n\n<p>Os cinco pa\u00edses com os protestantes mais evang\u00e9licos s\u00e3o, em ordem: 1) os Estados Unidos (93 milh\u00f5es); 2) China (65 milh\u00f5es); 3) Nig\u00e9ria (55 milh\u00f5es); 4) Brasil (46 milh\u00f5es); 5) \u00cdndia (28 milh\u00f5es).<\/p>\n\n\n\n<p>Segundo Fath, os evang\u00e9licos representam 26% dos 2,5 bilh\u00f5es de crist\u00e3os em todo o mundo.<\/p>\n\n\n\n<p>A \u00c1sia tem o maior n\u00famero de crist\u00e3os evang\u00e9licos: 215 milh\u00f5es. China (66 milh\u00f5es), \u00cdndia (28), Indon\u00e9sia (16), Filipinas (13) e Cor\u00e9ia do Sul (9) s\u00e3o os pa\u00edses com as maiores comunidades evang\u00e9licas.<\/p>\n\n\n\n<p>A&nbsp;<strong><a href=\"https:\/\/guiame.com.br\/gospel\/mundo-cristao\/primeira-dama-de-uganda-diz-que-deus-precisa-ser-parte-dos-votos-do-casamento.html\">\u00c1frica<\/a><\/strong>&nbsp;vem em seguida, com 185 milh\u00f5es de evang\u00e9licos, com Nig\u00e9ria (58 milh\u00f5es), Qu\u00eania (20), Eti\u00f3pia (18), RDC Congo (15) e \u00c1frica do Sul (15) liderando os n\u00fameros.<\/p>\n\n\n\n<p>A Am\u00e9rica do Sul possui, segundo as estimativas, 123 milh\u00f5es de evang\u00e9licos:&nbsp;<strong><a href=\"https:\/\/guiame.com.br\/gospel\/noticias\/aumento-de-evangelicos-no-norte-do-brasil-preocupa-vaticano.html\">47 milh\u00f5es no Brasil<\/a><\/strong>, 5 milh\u00f5es na Argentina e 5 na Guatemala.<\/p>\n\n\n\n<p>A Am\u00e9rica do Norte tem 107 milh\u00f5es de fi\u00e9is evang\u00e9licos: 93 nos EUA, 10 no M\u00e9xico e 4 no Canad\u00e1.<\/p>\n\n\n\n<p>A Europa conta com 23 milh\u00f5es de crist\u00e3os evang\u00e9licos, com Reino Unido (5 milh\u00f5es), R\u00fassia (2), Ucr\u00e2nia (2), Rom\u00eania (2) e Alemanha (2) nas primeiras posi\u00e7\u00f5es.<\/p>\n\n\n\n<p>Finalmente, a Oceania conta com 7 milh\u00f5es de evang\u00e9licos, sendo 3 milh\u00f5es na&nbsp;<strong><a href=\"https:\/\/guiame.com.br\/gospel\/noticias\/historiador-explica-por-que-australia-e-uma-das-nacoes-mais-cristianizadas-do-mundo.html\">Austr\u00e1lia<\/a><\/strong>, 2 milh\u00f5es na Papua Nova Guin\u00e9 e 1 milh\u00e3o na Nova Zel\u00e2ndia).<\/p>\n\n\n\n<p>Sebastien Fath salienta que esses n\u00fameros s\u00e3o aproximados &#8211; com base em 25 documentos analisados \u200b\u200bque abordam a evolu\u00e7\u00e3o do cristianismo evang\u00e9lico no mundo.<\/p>\n\n\n\n<p>\n\nFONTE: GUIAME, COM INFORMA\u00c7\u00d5ES DO LA LUMIER\u00c8 DU MONDE\n\n<\/p>\n","protected":false},"excerpt":{"rendered":"<p>S\u00e9bastien Fath, historiador e pesquisador do CNRS (Centro Nacional de Pesquisa Cient\u00edfica, na Fran\u00e7a, acaba de divulgar o levantado feito por ele sobre quantos&nbsp;evang\u00e9licos&nbsp;t\u00eam no mundo atual. Especialista em protestantismo evang\u00e9lico, ele nos fornece as estat\u00edsticas mais recentes sobre evangelismo em todo o mundo. \u00c9 uma verdadeira &#8220;vis\u00e3o geral do planeta evang\u00e9lico&#8221;, cuja estimativa no [&hellip;]<\/p>\n","protected":false},"author":2,"featured_media":4960,"comment_status":"open","ping_status":"open","sticky":false,"template":"","format":"standard","meta":[],"categories":[10,5],"tags":[],"_links":{"self":[{"href":"https:\/\/dgospel.com.br\/portal\/index.php\/wp-json\/wp\/v2\/posts\/4959"}],"collection":[{"href":"https:\/\/dgospel.com.br\/portal\/index.php\/wp-json\/wp\/v2\/posts"}],"about":[{"href":"https:\/\/dgospel.com.br\/portal\/index.php\/wp-json\/wp\/v2\/types\/post"}],"author":[{"embeddable":true,"href":"https:\/\/dgospel.com.br\/portal\/index.php\/wp-json\/wp\/v2\/users\/2"}],"replies":[{"embeddable":true,"href":"https:\/\/dgospel.com.br\/portal\/index.php\/wp-json\/wp\/v2\/comments?post=4959"}],"version-history":[{"count":1,"href":"https:\/\/dgospel.com.br\/portal\/index.php\/wp-json\/wp\/v2\/posts\/4959\/revisions"}],"predecessor-version":[{"id":4961,"href":"https:\/\/dgospel.com.br\/portal\/index.php\/wp-json\/wp\/v2\/posts\/4959\/revisions\/4961"}],"wp:featuredmedia":[{"embeddable":true,"href":"https:\/\/dgospel.com.br\/portal\/index.php\/wp-json\/wp\/v2\/media\/4960"}],"wp:attachment":[{"href":"https:\/\/dgospel.com.br\/portal\/index.php\/wp-json\/wp\/v2\/media?parent=4959"}],"wp:term":[{"taxonomy":"category","embeddable":true,"href":"https:\/\/dgospel.com.br\/portal\/index.php\/wp-json\/wp\/v2\/categories?post=4959"},{"taxonomy":"post_tag","embeddable":true,"href":"https:\/\/dgospel.com.br\/portal\/index.php\/wp-json\/wp\/v2\/tags?post=4959"}],"curies":[{"name":"wp","href":"https:\/\/api.w.org\/{rel}","templated":true}]}}