{"id":4962,"date":"2020-02-21T09:31:22","date_gmt":"2020-02-21T12:31:22","guid":{"rendered":"http:\/\/dgospel.com.br\/portal\/?p=4962"},"modified":"2020-02-21T09:31:24","modified_gmt":"2020-02-21T12:31:24","slug":"palmas-esta-entre-as-oito-capitais-com-situacao-fiscal-confortavel-aponta-estudo","status":"publish","type":"post","link":"https:\/\/dgospel.com.br\/portal\/index.php\/2020\/02\/21\/palmas-esta-entre-as-oito-capitais-com-situacao-fiscal-confortavel-aponta-estudo\/","title":{"rendered":"Palmas est\u00e1 entre as oito capitais com situa\u00e7\u00e3o fiscal confort\u00e1vel, aponta estudo"},"content":{"rendered":"\n<p>Com nota 8,79, Palmas ocupa o segundo lugar no ranking das oito capitais brasileiras com situa\u00e7\u00e3o fiscal confort\u00e1vel. O levantamento feito pela consultoria Tend\u00eancias levou em considera\u00e7\u00e3o seis indicadores de contas p\u00fablicas, em que cada um possui um peso diferente para a obten\u00e7\u00e3o da final, sendo: endividamento (20%); poupan\u00e7a corrente (25%); liquidez (25%), resultado prim\u00e1rio (15%), despesa com pessoal e encargos sociais (10%) e investimentos (5%). As notas atribu\u00eddas v\u00e3o de 0 a 10, e baseadas em informa\u00e7\u00f5es dos anos de&nbsp; 2017 a 2019.<\/p>\n\n\n\n<p>Para a prefeita de Palmas, Cinthia Ribeiro, o resultado \u00e9 fruto de uma boa pol\u00edtica fiscal sem onerar o contribuinte. \u201cBuscamos um equil\u00edbrio permanente entre receitas e despesas para garantir a sa\u00fade fiscal da nossa Capital\u201d, destaca.<\/p>\n\n\n\n<p>As demais capitais que aparecem no levantamento e suas respectivas notas s\u00e3o: Rio Branco (9,06), Boa Vista (8,3), Curitiba (8,01), Porto Velho (7,95), Vit\u00f3ria (7,3) Aracaju (6,37) e Manaus (6,29). As quatro capitais com \u00edndices baixos s\u00e3o Florian\u00f3polis (3,32), Natal (2,45) Rio de Janeiro (2,1) e Macei\u00f3 que aparece com nota 0.<\/p>\n\n\n\n<p>Em entrevista ao portal de not\u00edcias G1, o economista e respons\u00e1vel pelo estudo, Fabio Klein, afirmou que o quadro nas capitais \u00e9 bastante heterog\u00eaneo, e que muitas delas refletem um pouco a situa\u00e7\u00e3o fiscal dos Estados.<\/p>\n","protected":false},"excerpt":{"rendered":"<p>Com nota 8,79, Palmas ocupa o segundo lugar no ranking das oito capitais brasileiras com situa\u00e7\u00e3o fiscal confort\u00e1vel. O levantamento feito pela consultoria Tend\u00eancias levou em considera\u00e7\u00e3o seis indicadores de contas p\u00fablicas, em que cada um possui um peso diferente para a obten\u00e7\u00e3o da final, sendo: endividamento (20%); poupan\u00e7a corrente (25%); liquidez (25%), resultado prim\u00e1rio [&hellip;]<\/p>\n","protected":false},"author":2,"featured_media":4963,"comment_status":"open","ping_status":"open","sticky":false,"template":"","format":"standard","meta":[],"categories":[3],"tags":[],"_links":{"self":[{"href":"https:\/\/dgospel.com.br\/portal\/index.php\/wp-json\/wp\/v2\/posts\/4962"}],"collection":[{"href":"https:\/\/dgospel.com.br\/portal\/index.php\/wp-json\/wp\/v2\/posts"}],"about":[{"href":"https:\/\/dgospel.com.br\/portal\/index.php\/wp-json\/wp\/v2\/types\/post"}],"author":[{"embeddable":true,"href":"https:\/\/dgospel.com.br\/portal\/index.php\/wp-json\/wp\/v2\/users\/2"}],"replies":[{"embeddable":true,"href":"https:\/\/dgospel.com.br\/portal\/index.php\/wp-json\/wp\/v2\/comments?post=4962"}],"version-history":[{"count":1,"href":"https:\/\/dgospel.com.br\/portal\/index.php\/wp-json\/wp\/v2\/posts\/4962\/revisions"}],"predecessor-version":[{"id":4964,"href":"https:\/\/dgospel.com.br\/portal\/index.php\/wp-json\/wp\/v2\/posts\/4962\/revisions\/4964"}],"wp:featuredmedia":[{"embeddable":true,"href":"https:\/\/dgospel.com.br\/portal\/index.php\/wp-json\/wp\/v2\/media\/4963"}],"wp:attachment":[{"href":"https:\/\/dgospel.com.br\/portal\/index.php\/wp-json\/wp\/v2\/media?parent=4962"}],"wp:term":[{"taxonomy":"category","embeddable":true,"href":"https:\/\/dgospel.com.br\/portal\/index.php\/wp-json\/wp\/v2\/categories?post=4962"},{"taxonomy":"post_tag","embeddable":true,"href":"https:\/\/dgospel.com.br\/portal\/index.php\/wp-json\/wp\/v2\/tags?post=4962"}],"curies":[{"name":"wp","href":"https:\/\/api.w.org\/{rel}","templated":true}]}}