{"id":4968,"date":"2020-02-24T10:57:26","date_gmt":"2020-02-24T13:57:26","guid":{"rendered":"http:\/\/dgospel.com.br\/portal\/?p=4968"},"modified":"2020-02-24T10:57:28","modified_gmt":"2020-02-24T13:57:28","slug":"gabriela-rocha-dunga-e-jake-trevisan-sao-as-atracoes-nacionais-do-capital-da-fe-neste-sabado-22","status":"publish","type":"post","link":"https:\/\/dgospel.com.br\/portal\/index.php\/2020\/02\/24\/gabriela-rocha-dunga-e-jake-trevisan-sao-as-atracoes-nacionais-do-capital-da-fe-neste-sabado-22\/","title":{"rendered":"Gabriela Rocha, Dunga e Jake Trevisan s\u00e3o as atra\u00e7\u00f5es nacionais do Capital da F\u00e9, neste s\u00e1bado, 22"},"content":{"rendered":"\n<p>Gabriela Rocha, Dunga e Jake Trevisan s\u00e3o as principais atra\u00e7\u00f5es a se apresentarem na segunda noite do Palmas Capital da F\u00e9 2020, neste s\u00e1bado, 22, a partir das 20 horas, no circuito montado na Vila Ol\u00edmpica. Al\u00e9m das atra\u00e7\u00f5es nacionais, tamb\u00e9m se apresentam os cantores gospel e cat\u00f3licos regionais, sendo Pe. Ed Reis e Rubens Uch\u00f4a.<\/p>\n\n\n\n<p>A sequ\u00eancia da programa\u00e7\u00e3o come\u00e7a com a atra\u00e7\u00e3o regional, o Padre Ed Reis, logo depois sobe ao palco o artista gospel Rubens Uch\u00f4a, que participa do Capital da F\u00e9 desde a primeira edi\u00e7\u00e3o do evento.<\/p>\n\n\n\n<p>Para completar o momento de louvor e adora\u00e7\u00e3o, a cantora nacional do Jake Trevisan vai alegrar o Capital da F\u00e9 com diversas m\u00fasicas no ritmo de ax\u00e9. A cantora teve seu primeiro CD solo, \u2018Jake Guerreira do Amor\u2019, em 2006, e rapidamente as can\u00e7\u00f5es se espalharam pelo Brasil, como por exemplo, a m\u00fasica \u2018P\u00f3 para com p\u00f3\u2019, que levou a evangeliza\u00e7\u00e3o para al\u00e9m dos muros da igreja. Desde ent\u00e3o, se tornou uma mission\u00e1ria da Igreja Cat\u00f3lica Apost\u00f3lica Romana.<\/p>\n\n\n\n<p>Quem tamb\u00e9m sobe ao palco \u00e9 o cantor cat\u00f3lico Dunga, que \u00e9 compositor, pregador, escritor, locutor de r\u00e1dio e apresentador na TV Can\u00e7\u00e3o Nova. Nasceu em Pindamonhangaba, no Vale do Para\u00edba, interior de S\u00e3o Paulo, no dia 2 de mar\u00e7o de 1964. Recebeu um convite para morar na Can\u00e7\u00e3o Nova em 1991, dando in\u00edcio a sua trajet\u00f3ria como mission\u00e1rio da Comunidade Can\u00e7\u00e3o Nova, onde ganhou grande destaque em lidar com a juventude, especialmente com o movimento PHN (Por Hoje N\u00e3o Vou Mais Pecar).<\/p>\n\n\n\n<p>Para agradar o p\u00fablico jovem, a cantora brasileira de m\u00fasica contempor\u00e2nea, considerada uma das cantoras gospel mais conhecidas da atualidade, Gabriela Rocha, finaliza o segundo dia do Capital da F\u00e9. Ela come\u00e7ou a se tornar conhecida por meio do concurso Jovens Talentos, no programa de televis\u00e3o Raul Gil. Em 2012, assinou contrato com a Sony Music e lan\u00e7ou seu \u00e1lbum de estreia, &#8216;Jesus&#8217;, com produ\u00e7\u00e3o de Thalles e F\u00e1bio Aposan. Ap\u00f3s esse resultado a carreira da cantora se fortaleceu no mercado. Ela \u00e9 a cantora gospel com o maior canal do Youtube no mundo e \u00e9 a artista gospel mais ouvida na principal plataforma digital, o Spotify.<\/p>\n\n\n\n<p><strong>Confira a programa\u00e7\u00e3o:<\/strong><\/p>\n\n\n\n<p><strong>S\u00e1bado, 22<\/strong><\/p>\n\n\n\n<p>Pe. Ed Reis &#8211; Cat\u00f3lico Regional<\/p>\n\n\n\n<p>Rubens Uch\u00f4a &#8211; Gospel Regional<\/p>\n\n\n\n<p>Jake Trevisan &#8211; Cat\u00f3lico Nacional<\/p>\n\n\n\n<p>Dunga &#8211; Cat\u00f3lico Nacional<\/p>\n\n\n\n<p>Gabriela Rocha &#8211; Gospel Nacional<\/p>\n\n\n\n<p><strong>Domingo, 23<\/strong><\/p>\n\n\n\n<p>Leandro Borges &#8211; Gospel Regional<\/p>\n\n\n\n<p>Anjos de Resgate &#8211; Cat\u00f3lico Nacional<\/p>\n\n\n\n<p>Sarah Farias &#8211; Gospel Regional Nacional<\/p>\n\n\n\n<p>Casa Worship &#8211; Gospel<\/p>\n\n\n\n<p>Priscilla Alc\u00e2ntara &#8211; Gospel Nacional<\/p>\n\n\n\n<p>DJ Kento &#8211; Gospel Nacional<\/p>\n\n\n\n<p>Regional Vigilh\u00e3o da F\u00e9 &#8211; Gospel Regional<\/p>\n\n\n\n<p><strong>Segunda-feira, 24<\/strong><\/p>\n\n\n\n<p>Pe Geraldinho e Semente do Verbo \u2013 Cat\u00f3lico Regional<\/p>\n\n\n\n<p>Adriana Arydes \u2013 Cat\u00f3lico Nacional<\/p>\n\n\n\n<p>Pe. Reginaldo Manzotti \u2013 Cat\u00f3lico Nacional<\/p>\n\n\n\n<p>Rosa de Saron \u2013 Cat\u00f3lico Nacional<\/p>\n\n\n\n<p><strong>Ter\u00e7a-feira, 25<\/strong><\/p>\n\n\n\n<p>Karine Rosa e Apresenta\u00e7\u00e3o Flash Mob \u2013 Gospel Regional<\/p>\n\n\n\n<p>Rosilene Martins \u2013 Gospel Regional<\/p>\n\n\n\n<p>Sandro Nazireu \u2013 Gospel Nacional<\/p>\n\n\n\n<p>Cassiane \u2013 Gospel Nacional<\/p>\n\n\n\n<p>Christafari \u2013 Gospel Internacional<\/p>\n\n\n\n<p>Aline Barros \u2013 Gospel Nacional<\/p>\n\n\n\n<p><\/p>\n\n\n\n<p>Grabriela Rocha, Dunga e Jake Trevisan s\u00e3o as principais atra\u00e7\u00f5es a se apresentarem na segunda noite do Palmas Capital da F\u00e9 2020, neste s\u00e1bado, 22, a partir das 20 horas, no circuito montado na Vila Ol\u00edmpica. Al\u00e9m das atra\u00e7\u00f5es nacionais, tamb\u00e9m se apresentam os cantores gospel e cat\u00f3licos regionais, sendo Pe. Ed Reis e Rubens Uch\u00f4a.<\/p>\n\n\n\n<p>A sequ\u00eancia da programa\u00e7\u00e3o come\u00e7a com a atra\u00e7\u00e3o regional, o Padre Ed Reis, logo depois sobe ao palco o artista gospel Rubens Uch\u00f4a, que participa do Capital da F\u00e9 desde a primeira edi\u00e7\u00e3o do evento.<\/p>\n\n\n\n<p>Para completar o momento de louvor e adora\u00e7\u00e3o, a cantora nacional do Jake Trevisan vai alegrar o Capital da F\u00e9 com diversas m\u00fasicas no ritmo de ax\u00e9. A cantora teve seu primeiro CD solo, \u2018Jake Guerreira do Amor\u2019, em 2006, e rapidamente as can\u00e7\u00f5es se espalharam pelo Brasil, como por exemplo, a m\u00fasica \u2018P\u00f3 para com p\u00f3\u2019, que levou a evangeliza\u00e7\u00e3o para al\u00e9m dos muros da igreja. Desde ent\u00e3o, se tornou uma mission\u00e1ria da Igreja Cat\u00f3lica Apost\u00f3lica Romana.<\/p>\n\n\n\n<p>Quem tamb\u00e9m sobe ao palco \u00e9 o cantor cat\u00f3lico Dunga, que \u00e9 compositor, pregador, escritor, locutor de r\u00e1dio e apresentador na TV Can\u00e7\u00e3o Nova. Nasceu em Pindamonhangaba, no Vale do Para\u00edba, interior de S\u00e3o Paulo, no dia 2 de mar\u00e7o de 1964. Recebeu um convite para morar na Can\u00e7\u00e3o Nova em 1991, dando in\u00edcio a sua trajet\u00f3ria como mission\u00e1rio da Comunidade Can\u00e7\u00e3o Nova, onde ganhou grande destaque em lidar com a juventude, especialmente com o movimento PHN (Por Hoje N\u00e3o Vou Mais Pecar).<\/p>\n\n\n\n<p>Para agradar o p\u00fablico jovem, a cantora brasileira de m\u00fasica contempor\u00e2nea, considerada uma das cantoras gospel mais conhecidas da atualidade, Gabriela Rocha, finaliza o segundo dia do Capital da F\u00e9. Ela come\u00e7ou a se tornar conhecida por meio do concurso Jovens Talentos, no programa de televis\u00e3o Raul Gil. Em 2012, assinou contrato com a Sony Music e lan\u00e7ou seu \u00e1lbum de estreia, &#8216;Jesus&#8217;, com produ\u00e7\u00e3o de Thalles e F\u00e1bio Aposan. Ap\u00f3s esse resultado a carreira da cantora se fortaleceu no mercado. Ela \u00e9 a cantora gospel com o maior canal do Youtube no mundo e \u00e9 a artista gospel mais ouvida na principal plataforma digital, o Spotify.<\/p>\n\n\n\n<p><strong>Confira a programa\u00e7\u00e3o:<\/strong><\/p>\n\n\n\n<p><strong>S\u00e1bado, 22<\/strong><\/p>\n\n\n\n<p>Pe. Ed Reis &#8211; Cat\u00f3lico Regional<\/p>\n\n\n\n<p>Rubens Uch\u00f4a &#8211; Gospel Regional<\/p>\n\n\n\n<p>Jake Trevisan &#8211; Cat\u00f3lico Nacional<\/p>\n\n\n\n<p>Dunga &#8211; Cat\u00f3lico Nacional<\/p>\n\n\n\n<p>Gabriela Rocha &#8211; Gospel Nacional<\/p>\n\n\n\n<p><strong>Domingo, 23<\/strong><\/p>\n\n\n\n<p>Leandro Borges &#8211; Gospel Regional<\/p>\n\n\n\n<p>Anjos de Resgate &#8211; Cat\u00f3lico Nacional<\/p>\n\n\n\n<p>Sarah Farias &#8211; Gospel Regional Nacional<\/p>\n\n\n\n<p>Casa Worship &#8211; Gospel<\/p>\n\n\n\n<p>Priscilla Alc\u00e2ntara &#8211; Gospel Nacional<\/p>\n\n\n\n<p>DJ Kento &#8211; Gospel Nacional<\/p>\n\n\n\n<p>Regional Vigilh\u00e3o da F\u00e9 &#8211; Gospel Regional<\/p>\n\n\n\n<p><strong>Segunda-feira, 24<\/strong><\/p>\n\n\n\n<p>Pe Geraldinho e Semente do Verbo \u2013 Cat\u00f3lico Regional<\/p>\n\n\n\n<p>Adriana Arydes \u2013 Cat\u00f3lico Nacional<\/p>\n\n\n\n<p>Pe. Reginaldo Manzotti \u2013 Cat\u00f3lico Nacional<\/p>\n\n\n\n<p>Rosa de Saron \u2013 Cat\u00f3lico Nacional<\/p>\n\n\n\n<p><strong>Ter\u00e7a-feira, 25<\/strong><\/p>\n\n\n\n<p>Karine Rosa e Apresenta\u00e7\u00e3o Flash Mob \u2013 Gospel Regional<\/p>\n\n\n\n<p>Rosilene Martins \u2013 Gospel Regional<\/p>\n\n\n\n<p>Sandro Nazireu \u2013 Gospel Nacional<\/p>\n\n\n\n<p>Cassiane \u2013 Gospel Nacional<\/p>\n\n\n\n<p>Christafari \u2013 Gospel Internacional<\/p>\n\n\n\n<p>Aline Barros \u2013 Gospel Nacional<\/p>\n","protected":false},"excerpt":{"rendered":"<p>Gabriela Rocha, Dunga e Jake Trevisan s\u00e3o as principais atra\u00e7\u00f5es a se apresentarem na segunda noite do Palmas Capital da F\u00e9 2020, neste s\u00e1bado, 22, a partir das 20 horas, no circuito montado na Vila Ol\u00edmpica. Al\u00e9m das atra\u00e7\u00f5es nacionais, tamb\u00e9m se apresentam os cantores gospel e cat\u00f3licos regionais, sendo Pe. Ed Reis e Rubens [&hellip;]<\/p>\n","protected":false},"author":2,"featured_media":4969,"comment_status":"open","ping_status":"open","sticky":false,"template":"","format":"standard","meta":[],"categories":[3,5],"tags":[],"_links":{"self":[{"href":"https:\/\/dgospel.com.br\/portal\/index.php\/wp-json\/wp\/v2\/posts\/4968"}],"collection":[{"href":"https:\/\/dgospel.com.br\/portal\/index.php\/wp-json\/wp\/v2\/posts"}],"about":[{"href":"https:\/\/dgospel.com.br\/portal\/index.php\/wp-json\/wp\/v2\/types\/post"}],"author":[{"embeddable":true,"href":"https:\/\/dgospel.com.br\/portal\/index.php\/wp-json\/wp\/v2\/users\/2"}],"replies":[{"embeddable":true,"href":"https:\/\/dgospel.com.br\/portal\/index.php\/wp-json\/wp\/v2\/comments?post=4968"}],"version-history":[{"count":1,"href":"https:\/\/dgospel.com.br\/portal\/index.php\/wp-json\/wp\/v2\/posts\/4968\/revisions"}],"predecessor-version":[{"id":4970,"href":"https:\/\/dgospel.com.br\/portal\/index.php\/wp-json\/wp\/v2\/posts\/4968\/revisions\/4970"}],"wp:featuredmedia":[{"embeddable":true,"href":"https:\/\/dgospel.com.br\/portal\/index.php\/wp-json\/wp\/v2\/media\/4969"}],"wp:attachment":[{"href":"https:\/\/dgospel.com.br\/portal\/index.php\/wp-json\/wp\/v2\/media?parent=4968"}],"wp:term":[{"taxonomy":"category","embeddable":true,"href":"https:\/\/dgospel.com.br\/portal\/index.php\/wp-json\/wp\/v2\/categories?post=4968"},{"taxonomy":"post_tag","embeddable":true,"href":"https:\/\/dgospel.com.br\/portal\/index.php\/wp-json\/wp\/v2\/tags?post=4968"}],"curies":[{"name":"wp","href":"https:\/\/api.w.org\/{rel}","templated":true}]}}