{"id":4971,"date":"2020-02-24T11:00:18","date_gmt":"2020-02-24T14:00:18","guid":{"rendered":"http:\/\/dgospel.com.br\/portal\/?p=4971"},"modified":"2020-02-24T11:00:19","modified_gmt":"2020-02-24T14:00:19","slug":"mesmo-sob-forte-chuva-publico-lota-a-primeira-noite-do-palmas-capital-da-fe","status":"publish","type":"post","link":"https:\/\/dgospel.com.br\/portal\/index.php\/2020\/02\/24\/mesmo-sob-forte-chuva-publico-lota-a-primeira-noite-do-palmas-capital-da-fe\/","title":{"rendered":"Mesmo sob forte chuva, p\u00fablico lota a primeira noite do Palmas Capital da F\u00e9"},"content":{"rendered":"\n<p>Cerca de 10 mil de pessoas prestigiaram a primeira noite do Palmas Capital da F\u00e9, evento que se consolida como o maior festival de m\u00fasica gospel e crist\u00e3 da regi\u00e3o Norte do Pa\u00eds. O cantor Fernandinho encerrou a noite in\u00edcio dessa sexta-feira, 21, ovacionado pelo p\u00fablico que, mesmo sob chuva, seguiu o ritmo do artista cantando e entoando suas can\u00e7\u00f5es at\u00e9 o \u00faltimo acorde.<\/p>\n\n\n\n<p>J\u00e1 em sua 6\u00aa edi\u00e7\u00e3o, o Palmas Capital da F\u00e9 conta com uma ampla programa\u00e7\u00e3o art\u00edstica, representada pelos principais expoentes da m\u00fasica evang\u00e9lica e cat\u00f3lica, dando op\u00e7\u00e3o aos fi\u00e9is que pretendem curtir todas as cinco noites do evento que acontecem na Vila Ol\u00edmpica, ao lado do Est\u00e1dio Nilton Santos.<\/p>\n\n\n\n<p>Ano ap\u00f3s ano a festa, que conta com artistas locais e atra\u00e7\u00f5es nacionais, vem ganhando notoriedade. &#8220;As pessoas que est\u00e3o presentes nesse evento valorizam o amor ao pr\u00f3ximo, independente de religi\u00e3o e est\u00e3o aqui porque tamb\u00e9m se divertem, mas sob a cultura da paz\u201d, destacou a prefeita Cinthia Ribeiro.<\/p>\n\n\n\n<p>A secret\u00e1ria F\u00e1biola Santos, 30 anos, participante do evento pelo segundo ano consecutivo, veio com seu grupo de amigos curtir a festividade. &#8220;\u00c9 o segundo ano que venho. A programa\u00e7\u00e3o evang\u00e9lica que \u00e9 montada \u00e9 muito boa. Como \u00e9 s\u00f3 uma vez no ano eu aproveito o m\u00e1ximo todos os dias\u201d, disse ela.<\/p>\n\n\n\n<p>J\u00e1 estudante Maiara Martins Lima, 33 anos, est\u00e1 estreando no Carnaval da F\u00e9. Segundo ela \u00e9 a primeira vez que ela e a fam\u00edlia v\u00eam curtir. &#8220;Est\u00e1 sendo uma noite aben\u00e7oada e para recordar. Vou voltar todos os dias&#8221;, destacou.<\/p>\n\n\n\n<p>Os shows tamb\u00e9m foram transmitidos ao vivo pelas redes sociais da Prefeitura para quem n\u00e3o conseguiu ir at\u00e9 o local.<\/p>\n\n\n\n<p><strong>Shows<\/strong><\/p>\n\n\n\n<p>A noite come\u00e7ou com a apresenta\u00e7\u00e3o dos artistas regionais e nacionais. Subiram ao palco o Minist\u00e9rio Louvor Restaura\u00e7\u00e3o, Moys\u00e9s di Carvalho, Louve &amp; Adore e Pr. Cela \u00c9feso que embalaram o p\u00fablico com muito louvor e adora\u00e7\u00e3o.<\/p>\n\n\n\n<p>Quem tamb\u00e9m subiu ao palco foi DJ PV para colocar o p\u00fablico presente para dan\u00e7ar. &#8220;Estou impressionado com a vibra\u00e7\u00e3o e a participa\u00e7\u00e3o do p\u00fablico. Est\u00e1 sendo emocionante tocar pela primeira vez no Capital da F\u00e9 Palmas. Isso mostra que \u00e9 poss\u00edvel o jovem se divertir, pular, cantar e ainda ter Deus no cora\u00e7\u00e3o disse o cantor\u201d. O show do artista contou com muitas serpentinas coloridas e teve at\u00e9 a presen\u00e7a de um rob\u00f4 que interagiu com a plateia.<\/p>\n\n\n\n<p>Depois foi a vez do cantor Diego Fernandes entoar can\u00e7\u00f5es conhecidas como: &#8216;No colo de Maria&#8217;, &#8216;Eu N\u00e3o Esque\u00e7o&#8217;, &#8216;Templo Vivo&#8217; e &#8216;Dan\u00e7a do Avivamento&#8217;. &#8220;\u00c9 com uma alegria muito grande participar desse momento de uni\u00e3o e solidariedade, no qual estamos aqui reunidos para celebrar um s\u00f3 Deus&#8221;, disse o cantor.<\/p>\n\n\n\n<p>Em seguida, Fernandinho chegou para animar ainda mais a festa cantando seus hits conhecidos como \u2018Caia fogo\u2019, \u2018Faz chover\u2019, \u2018Jesus, filho de Deus\u2019 e outros. Com quase 21 anos de carreira e mais de 10 discos lan\u00e7ados, Fernandinho \u00e9 conhecido nacionalmente pelo trabalho na m\u00fasica crist\u00e3 contempor\u00e2nea e \u00e9 no meio gospel uma refer\u00eancia musical.<\/p>\n\n\n\n<p>\u201cEstou muito feliz por participar desse evento e poder levar a palavra de Deus. \u00c9 sempre uma alegria estar em locais diferentes e falar de Deus a todos os p\u00fablicos. A m\u00fasica gospel leva paz e alegria a maioria das pessoas e a cada dia a nossa m\u00fasica est\u00e1 mais forte porque as igrejas est\u00e3o mais fortes. \u00c9 uma forma de alcan\u00e7ar o cora\u00e7\u00e3o das pessoas de uma forma positiva. Eu deixo meu muito obrigado a Deus e as pessoas\u201d, afirmou o cantor.<\/p>\n\n\n\n<p><strong>Confira a programa\u00e7\u00e3o dos pr\u00f3ximos dias:<\/strong><\/p>\n\n\n\n<p><strong>S\u00e1bado, 22<\/strong><\/p>\n\n\n\n<p>Padre Ed Reis (regional)<\/p>\n\n\n\n<p>Jake Trevisan<\/p>\n\n\n\n<p>Dunga<br><\/p>\n\n\n\n<p>Gabriela Rocha<\/p>\n\n\n\n<p>Rubens Uch\u00f4a (regional)<br><\/p>\n\n\n\n<p><strong>Domingo, 23<\/strong><br><\/p>\n\n\n\n<p>Anjos de Resgate<\/p>\n\n\n\n<p>Sarah Farias<\/p>\n\n\n\n<p>Casa Worship<br><\/p>\n\n\n\n<p>Leandro Borges<br><\/p>\n\n\n\n<p>Priscilla Alc\u00e2ntara<br><\/p>\n\n\n\n<p>DJ Kento<br><\/p>\n\n\n\n<p>Vigilh\u00e3o da F\u00e9 (regional)<br><\/p>\n\n\n\n<p><strong>Segunda-feira, 24<\/strong><\/p>\n\n\n\n<p>Padre Geraldinho<\/p>\n\n\n\n<p>Adriana Arydes<\/p>\n\n\n\n<p>Padre Reginaldo Manzotti<br><\/p>\n\n\n\n<p>Rosa de Saron<br><\/p>\n\n\n\n<p>Ter\u00e7a-feira, 25<br><\/p>\n\n\n\n<p>Rosilene Martins (regional)<br><\/p>\n\n\n\n<p>Cassiane<br><\/p>\n\n\n\n<p>Sandro Nazireu<br><\/p>\n\n\n\n<p>Aline Barros<br><\/p>\n\n\n\n<p>Christafari (internacional)<\/p>\n","protected":false},"excerpt":{"rendered":"<p>Cerca de 10 mil de pessoas prestigiaram a primeira noite do Palmas Capital da F\u00e9, evento que se consolida como o maior festival de m\u00fasica gospel e crist\u00e3 da regi\u00e3o Norte do Pa\u00eds. O cantor Fernandinho encerrou a noite in\u00edcio dessa sexta-feira, 21, ovacionado pelo p\u00fablico que, mesmo sob chuva, seguiu o ritmo do artista [&hellip;]<\/p>\n","protected":false},"author":2,"featured_media":4972,"comment_status":"open","ping_status":"open","sticky":false,"template":"","format":"standard","meta":[],"categories":[3,5],"tags":[],"_links":{"self":[{"href":"https:\/\/dgospel.com.br\/portal\/index.php\/wp-json\/wp\/v2\/posts\/4971"}],"collection":[{"href":"https:\/\/dgospel.com.br\/portal\/index.php\/wp-json\/wp\/v2\/posts"}],"about":[{"href":"https:\/\/dgospel.com.br\/portal\/index.php\/wp-json\/wp\/v2\/types\/post"}],"author":[{"embeddable":true,"href":"https:\/\/dgospel.com.br\/portal\/index.php\/wp-json\/wp\/v2\/users\/2"}],"replies":[{"embeddable":true,"href":"https:\/\/dgospel.com.br\/portal\/index.php\/wp-json\/wp\/v2\/comments?post=4971"}],"version-history":[{"count":1,"href":"https:\/\/dgospel.com.br\/portal\/index.php\/wp-json\/wp\/v2\/posts\/4971\/revisions"}],"predecessor-version":[{"id":4973,"href":"https:\/\/dgospel.com.br\/portal\/index.php\/wp-json\/wp\/v2\/posts\/4971\/revisions\/4973"}],"wp:featuredmedia":[{"embeddable":true,"href":"https:\/\/dgospel.com.br\/portal\/index.php\/wp-json\/wp\/v2\/media\/4972"}],"wp:attachment":[{"href":"https:\/\/dgospel.com.br\/portal\/index.php\/wp-json\/wp\/v2\/media?parent=4971"}],"wp:term":[{"taxonomy":"category","embeddable":true,"href":"https:\/\/dgospel.com.br\/portal\/index.php\/wp-json\/wp\/v2\/categories?post=4971"},{"taxonomy":"post_tag","embeddable":true,"href":"https:\/\/dgospel.com.br\/portal\/index.php\/wp-json\/wp\/v2\/tags?post=4971"}],"curies":[{"name":"wp","href":"https:\/\/api.w.org\/{rel}","templated":true}]}}