{"id":4974,"date":"2020-02-24T11:05:07","date_gmt":"2020-02-24T14:05:07","guid":{"rendered":"http:\/\/dgospel.com.br\/portal\/?p=4974"},"modified":"2020-02-24T11:05:09","modified_gmt":"2020-02-24T14:05:09","slug":"capital-da-fe-publico-conta-com-vila-gastronomica-musica-e-muita-diversao-no-espaco-kids","status":"publish","type":"post","link":"https:\/\/dgospel.com.br\/portal\/index.php\/2020\/02\/24\/capital-da-fe-publico-conta-com-vila-gastronomica-musica-e-muita-diversao-no-espaco-kids\/","title":{"rendered":"Capital da F\u00e9: p\u00fablico conta com vila gastron\u00f4mica, m\u00fasica e muita divers\u00e3o no Espa\u00e7o Kids"},"content":{"rendered":"\n<p>O que j\u00e1 virou tradi\u00e7\u00e3o nos eventos promovidos pela Prefeitura de Palmas \u00e9 a Vila Gastron\u00f4mica. Na 6\u00aa edi\u00e7\u00e3o do Capital da F\u00e9 2020, o espa\u00e7o tamb\u00e9m estar\u00e1 presente em todos os dias do evento, que teve in\u00edcio na noite desta sexta-feira, 21, e segue at\u00e9 a pr\u00f3xima ter\u00e7a, 25.<\/p>\n\n\n\n<p>A pra\u00e7a de alimenta\u00e7\u00e3o foi chamada de \u2018Sabores da Capital\u2019 e foi montada em dois t\u00faneis onde est\u00e3o 40 estandes de comida e 10 espa\u00e7os cobertos com tendas para&nbsp;<em>food trucks<\/em>. No card\u00e1pio o p\u00fablico pode aproveitar a diversidade culin\u00e1ria que est\u00e1 sendo oferecida. H\u00e1 massas, hamb\u00fargueres, tapiocas, pasteis, crepes e panquecas, entre outras del\u00edcias.<\/p>\n\n\n\n<p>Rom\u00e1rio Ferreira, 26 anos, \u00e9 cozinheiro e trouxe toda a fam\u00edlia para aproveitar e experimentar as comidas que est\u00e3o sendo comercializadas. &#8220;Minha vontade \u00e9 comer um pouco de tudo, pena que n\u00e3o vai dar, pois s\u00e3o muitas op\u00e7\u00f5es. Vou voltar para provar o que n\u00e3o consegui hoje&#8221;.<\/p>\n\n\n\n<p>J\u00e1 a estudante de arquitetura, Ethiane Marques, 21 anos, aprovou o evento e disse que o espa\u00e7o montado est\u00e1 bel\u00edssimo. \u201cOs shows que est\u00e3o sendo oferecidos s\u00e3o \u00f3timos e a gente se sente seguro porque est\u00e1 tudo organizado&#8221;, destacou.<\/p>\n\n\n\n<p>Entre um show e outro, muitos pais aproveitaram para levar as crian\u00e7as para se divertirem no Espa\u00e7o Kids que tamb\u00e9m foi montado para quem foi curtir a noite. &#8220;A estrutura foi muito bem planejada. Sempre que voc\u00ea tem op\u00e7\u00e3o para os filhos curtirem \u00e9 muito bom. \u00c9 um evento que d\u00e1 para curtir tanto os maiores quanto os menores\u201d, destacou Silvio Marques Soares, mec\u00e2nico, de 43 anos. O espa\u00e7o conta com v\u00e1rios brinquedos, como pula-pula, escorregador e at\u00e9 um parque de divers\u00e3o.<\/p>\n\n\n\n<p>Al\u00e9m do Espa\u00e7o Kids e a Vila Gastron\u00f4mica, o p\u00fablico tem op\u00e7\u00f5es como tendas de artigos religiosos que foram montadas para quem quer adquirir algum produto ou presentear.<\/p>\n\n\n\n<p>H\u00e1 tamb\u00e9m espa\u00e7os destinados em todo o circuito, onde est\u00e3o sendo vendidos churros, pipocas, algod\u00e3o doce e bebidas enlatadas, vale lembrar que n\u00e3o h\u00e1 comercializa\u00e7\u00e3o de bebidas alco\u00f3licas dentro da Vila Gastron\u00f4mica.<\/p>\n\n\n\n<p>Os ambulantes tamb\u00e9m foram contemplados com espa\u00e7os para oferecer seus produtos e tendas foram montadas para atender o p\u00fablico que veio assistir aos shows.<\/p>\n\n\n\n<p>Pela primeira vez no evento, Mikaella Pereira Braga, 23 anos, trouxe seu carrinho de cachorro quente para aproveitar o bom momento e alavancar as suas vendas. &#8220;Trouxe a minha fam\u00edlia para me ajudar. A expectativa \u00e9 que eu fa\u00e7a um bom dinheiro nesses dias. A estrutura que foi montada vai ajudar nas vendas&#8221;, garantiu.<\/p>\n\n\n\n<p><strong>Transporte e Seguran\u00e7a<\/strong><\/p>\n\n\n\n<p>O p\u00fablico que prestigiou a primeira noite da 6\u00aa edi\u00e7\u00e3o do Carnaval da F\u00e9 tamb\u00e9m p\u00f4de contar com o esquema de transporte coletivo que foi montado para os cinco dias do evento.<\/p>\n\n\n\n<p>A linha Eix\u00e3o teve frequ\u00eancia de cinco em cinco minutos a partir das 18 horas. O trajeto dos coletivos compreendeu o trecho entre a esta\u00e7\u00e3o Java\u00e9, que fica na regi\u00e3o Sul da cidade, e a esta\u00e7\u00e3o Apinaj\u00e9, localizada na regi\u00e3o Norte. Na volta dos shows, o p\u00fablico contou com 12 ve\u00edculos que sa\u00edram do Est\u00e1dio Nilton Santos. Al\u00e9m disso, pontos de t\u00e1xi, motot\u00e1xi e carros solicitados por aplicativos tamb\u00e9m estavam dispon\u00edveis pr\u00f3ximos aos locais do show.<\/p>\n\n\n\n<p>A seguran\u00e7a tamb\u00e9m ocorreu durante toda a noite. Equipe t\u00e1tica da Guarda Metropolitana de Palmas (GMP), Pol\u00edcia Militar, Pol\u00edcia Civil, Detran (TO) e Corpo de Bombeiros est\u00e3o garantindo a paz e seguran\u00e7a dentro e no entorno do Est\u00e1dio Nilton Santos.<\/p>\n","protected":false},"excerpt":{"rendered":"<p>O que j\u00e1 virou tradi\u00e7\u00e3o nos eventos promovidos pela Prefeitura de Palmas \u00e9 a Vila Gastron\u00f4mica. Na 6\u00aa edi\u00e7\u00e3o do Capital da F\u00e9 2020, o espa\u00e7o tamb\u00e9m estar\u00e1 presente em todos os dias do evento, que teve in\u00edcio na noite desta sexta-feira, 21, e segue at\u00e9 a pr\u00f3xima ter\u00e7a, 25. A pra\u00e7a de alimenta\u00e7\u00e3o foi [&hellip;]<\/p>\n","protected":false},"author":2,"featured_media":4976,"comment_status":"open","ping_status":"open","sticky":false,"template":"","format":"standard","meta":[],"categories":[3,5],"tags":[],"_links":{"self":[{"href":"https:\/\/dgospel.com.br\/portal\/index.php\/wp-json\/wp\/v2\/posts\/4974"}],"collection":[{"href":"https:\/\/dgospel.com.br\/portal\/index.php\/wp-json\/wp\/v2\/posts"}],"about":[{"href":"https:\/\/dgospel.com.br\/portal\/index.php\/wp-json\/wp\/v2\/types\/post"}],"author":[{"embeddable":true,"href":"https:\/\/dgospel.com.br\/portal\/index.php\/wp-json\/wp\/v2\/users\/2"}],"replies":[{"embeddable":true,"href":"https:\/\/dgospel.com.br\/portal\/index.php\/wp-json\/wp\/v2\/comments?post=4974"}],"version-history":[{"count":1,"href":"https:\/\/dgospel.com.br\/portal\/index.php\/wp-json\/wp\/v2\/posts\/4974\/revisions"}],"predecessor-version":[{"id":4977,"href":"https:\/\/dgospel.com.br\/portal\/index.php\/wp-json\/wp\/v2\/posts\/4974\/revisions\/4977"}],"wp:featuredmedia":[{"embeddable":true,"href":"https:\/\/dgospel.com.br\/portal\/index.php\/wp-json\/wp\/v2\/media\/4976"}],"wp:attachment":[{"href":"https:\/\/dgospel.com.br\/portal\/index.php\/wp-json\/wp\/v2\/media?parent=4974"}],"wp:term":[{"taxonomy":"category","embeddable":true,"href":"https:\/\/dgospel.com.br\/portal\/index.php\/wp-json\/wp\/v2\/categories?post=4974"},{"taxonomy":"post_tag","embeddable":true,"href":"https:\/\/dgospel.com.br\/portal\/index.php\/wp-json\/wp\/v2\/tags?post=4974"}],"curies":[{"name":"wp","href":"https:\/\/api.w.org\/{rel}","templated":true}]}}