{"id":4984,"date":"2020-02-24T11:19:18","date_gmt":"2020-02-24T14:19:18","guid":{"rendered":"http:\/\/dgospel.com.br\/portal\/?p=4984"},"modified":"2020-02-24T11:19:19","modified_gmt":"2020-02-24T14:19:19","slug":"vereador-erivelton-apresenta-sugestoes-para-a-saude-da-capital","status":"publish","type":"post","link":"https:\/\/dgospel.com.br\/portal\/index.php\/2020\/02\/24\/vereador-erivelton-apresenta-sugestoes-para-a-saude-da-capital\/","title":{"rendered":"Vereador Erivelton apresenta sugest\u00f5es para a sa\u00fade da Capital"},"content":{"rendered":"\n<p>Em sess\u00e3o realizada no \u00faltimo dia 20, quando ocorreu a presta\u00e7\u00e3o de contas da sa\u00fade, o vereador Erivelton Santos (PV) usou a tribuna para relatar algumas solicita\u00e7\u00f5es da popula\u00e7\u00e3o sobre os servi\u00e7os da sa\u00fade municipal, os quais ser\u00e3o apresentados como requerimentos ao Executivo Municipal.<\/p>\n\n\n\n<p>J\u00e1 no in\u00edcio de seu pronunciamento, o Vereador se solidarizou com os profissionais do quadro da sa\u00fade que recebem cerca de 40% a menos que o quadro geral e pedem equipara\u00e7\u00e3o salarial. Categoria&nbsp; como assistentes sociais, odont\u00f3logos, bi\u00f3logos, biom\u00e9dicos, veterin\u00e1rios, psic\u00f3logos, qu\u00edmicos sanitaristas, fisioterapeutas, terapeutas ocupacionais, educadores f\u00edsicos, nutricionista e outros. &#8220;Precisamos debater com a gest\u00e3o esta pauta importante destes valorosos servidores da sa\u00fade que carregam a sa\u00fade p\u00fablica de Palmas&#8221;, destacou.<\/p>\n\n\n\n<p>Outro ponto observado pelo Parlamentar foi acerca da falta de estrutura de transporte dos servidores da sa\u00fade que trabalham com sa\u00fade mental, das mulheres e dos idosos nas Unidades de Sa\u00fade, devido \u00e0s grandes dist\u00e2ncias, os servidores est\u00e3o se deslocando em seus pr\u00f3prios ve\u00edculos. Taquari \u00e9 um exemplo disto, onde existe um p\u00fablico de 20 mil pessoas e somente uma unidade de atendimento. Os profissionais sofrem com a aus\u00eancia de ve\u00edculos e motoristas para realizarem seus atendimentos.<\/p>\n\n\n\n<p>O Parlamentar tamb\u00e9m exp\u00f4s uma demanda recebida de moradores de Taquaralto que diz respeito a falta de estrutura em um laborat\u00f3rio que presta servi\u00e7o ao munic\u00edpio de Palmas, o mesmo n\u00e3o comporta os usu\u00e1rios do SUS em seu pr\u00e9dio e os moradores fazem fila do lado de fora. Erivelton sugeriu que a Prefeitura converse com os propriet\u00e1rios do laborat\u00f3rio e que viabilizem um local mais adequado para atendimento ao p\u00fablico, que ofere\u00e7a o m\u00ednimo de conforto poss\u00edvel.<\/p>\n\n\n\n<p>O Vereador sugeriu ao Munic\u00edpio, a cria\u00e7\u00e3o de um aplicativo para o agendamento de consultas, nos moldes do existente em Goi\u00e2nia, afim de evitar filas nas UBS e dar celeridade a este atendimento. Outra sugest\u00e3o apresentada, foi a centraliza\u00e7\u00e3o de realiza\u00e7\u00e3o de exames diversos em um s\u00f3 pr\u00e9dio, para evitar o deslocamento excessivo da popula\u00e7\u00e3o.<\/p>\n\n\n\n<p>Erivelton concluiu lembrando da emenda que buscou junto ao senador Iraj\u00e1 Abreu para a constru\u00e7\u00e3o de uma unidade de sa\u00fade, a qual ser\u00e1 constru\u00edda no Taquari. &#8220;Aqui est\u00e1 um vereador que acredita no SUS, aposto nessa bandeira. Contem comigo&#8221;, finalizou.<\/p>\n","protected":false},"excerpt":{"rendered":"<p>Em sess\u00e3o realizada no \u00faltimo dia 20, quando ocorreu a presta\u00e7\u00e3o de contas da sa\u00fade, o vereador Erivelton Santos (PV) usou a tribuna para relatar algumas solicita\u00e7\u00f5es da popula\u00e7\u00e3o sobre os servi\u00e7os da sa\u00fade municipal, os quais ser\u00e3o apresentados como requerimentos ao Executivo Municipal. J\u00e1 no in\u00edcio de seu pronunciamento, o Vereador se solidarizou com [&hellip;]<\/p>\n","protected":false},"author":2,"featured_media":4985,"comment_status":"open","ping_status":"open","sticky":false,"template":"","format":"standard","meta":[],"categories":[8],"tags":[],"_links":{"self":[{"href":"https:\/\/dgospel.com.br\/portal\/index.php\/wp-json\/wp\/v2\/posts\/4984"}],"collection":[{"href":"https:\/\/dgospel.com.br\/portal\/index.php\/wp-json\/wp\/v2\/posts"}],"about":[{"href":"https:\/\/dgospel.com.br\/portal\/index.php\/wp-json\/wp\/v2\/types\/post"}],"author":[{"embeddable":true,"href":"https:\/\/dgospel.com.br\/portal\/index.php\/wp-json\/wp\/v2\/users\/2"}],"replies":[{"embeddable":true,"href":"https:\/\/dgospel.com.br\/portal\/index.php\/wp-json\/wp\/v2\/comments?post=4984"}],"version-history":[{"count":1,"href":"https:\/\/dgospel.com.br\/portal\/index.php\/wp-json\/wp\/v2\/posts\/4984\/revisions"}],"predecessor-version":[{"id":4986,"href":"https:\/\/dgospel.com.br\/portal\/index.php\/wp-json\/wp\/v2\/posts\/4984\/revisions\/4986"}],"wp:featuredmedia":[{"embeddable":true,"href":"https:\/\/dgospel.com.br\/portal\/index.php\/wp-json\/wp\/v2\/media\/4985"}],"wp:attachment":[{"href":"https:\/\/dgospel.com.br\/portal\/index.php\/wp-json\/wp\/v2\/media?parent=4984"}],"wp:term":[{"taxonomy":"category","embeddable":true,"href":"https:\/\/dgospel.com.br\/portal\/index.php\/wp-json\/wp\/v2\/categories?post=4984"},{"taxonomy":"post_tag","embeddable":true,"href":"https:\/\/dgospel.com.br\/portal\/index.php\/wp-json\/wp\/v2\/tags?post=4984"}],"curies":[{"name":"wp","href":"https:\/\/api.w.org\/{rel}","templated":true}]}}