{"id":4994,"date":"2020-02-26T10:08:38","date_gmt":"2020-02-26T13:08:38","guid":{"rendered":"http:\/\/dgospel.com.br\/portal\/?p=4994"},"modified":"2020-02-26T10:08:39","modified_gmt":"2020-02-26T13:08:39","slug":"publico-define-capital-da-fe-como-oportunidade-incrivel-de-evangelizacao","status":"publish","type":"post","link":"https:\/\/dgospel.com.br\/portal\/index.php\/2020\/02\/26\/publico-define-capital-da-fe-como-oportunidade-incrivel-de-evangelizacao\/","title":{"rendered":"P\u00fablico define \u2018Capital da F\u00e9\u2019 como \u2018oportunidade incr\u00edvel de evangeliza\u00e7\u00e3o\u2019"},"content":{"rendered":"\n<p>Shows marcados por intensa participa\u00e7\u00e3o do p\u00fablico, que classificou o &#8216;Capital da F\u00e9&#8217; como uma oportunidade maravilhosa de evangeliza\u00e7\u00e3o e de se alegrar numa festa crist\u00e3.&nbsp;&nbsp;O Festival de M\u00fasica Gospel tem sua \u00faltima noite nesta ter\u00e7a, 25, a partir das 20 horas, na Vila Ol\u00edmpica, localizada na Avenida Teot\u00f4nio Segurado.&nbsp;<\/p>\n\n\n\n<p>\u201cSensa\u00e7\u00e3o incr\u00edvel\u201d, foi assim que a estudante de nutri\u00e7\u00e3o e auxiliar de professor, G\u00e9ssica Aline, 19 anos,&nbsp;&nbsp;definiu o sentimento&nbsp;ao&nbsp;participar da festa nesta segunda-feira, 24. Ela faz parte do Grupo de Jovens Unidos em |Cristo (JUC) da cidade de Our\u00e9m (PA).<\/p>\n\n\n\n<p>Viemos na caravana de Our\u00e9m e estou bastante feliz por estar aqui. \u00c9 uma sensa\u00e7\u00e3o maravilhosa, incr\u00edvel\u201d, emocionou-se a jovem, que durante todo os shows cantou junto, dan\u00e7ou e sacudiu a bandeira de sua caravana.<\/p>\n\n\n\n<p>A mesma emo\u00e7\u00e3o foi partilhada pela fam\u00edlia da professora Maria Aparecida de Sousa Lisboa, 34 anos, que junto com o esposo, o motorista Valdeir Barbosa, 52 anos, os dois filhos Ma\u00edsa Let\u00edcia e Victor Hugo e a prima Aline Lisboa, louvou e se divertiu durante os shows desta segunda-feira.<\/p>\n\n\n\n<p>\u201cSou de Porangatu. Passamos a virada do ano aqui em Palmas e voltamos pro &#8216;Capital da F\u00e9&#8217;. Na verdade estamos pensando em mudar para esta cidade. Sobre o &#8216;Capital da F\u00e9&#8217; s\u00f3 posso dizer que \u00e9 uma experi\u00eancia incr\u00edvel, maravilhosa\u201d, descreveu.<\/p>\n","protected":false},"excerpt":{"rendered":"<p>Shows marcados por intensa participa\u00e7\u00e3o do p\u00fablico, que classificou o &#8216;Capital da F\u00e9&#8217; como uma oportunidade maravilhosa de evangeliza\u00e7\u00e3o e de se alegrar numa festa crist\u00e3.&nbsp;&nbsp;O Festival de M\u00fasica Gospel tem sua \u00faltima noite nesta ter\u00e7a, 25, a partir das 20 horas, na Vila Ol\u00edmpica, localizada na Avenida Teot\u00f4nio Segurado.&nbsp; \u201cSensa\u00e7\u00e3o incr\u00edvel\u201d, foi assim que [&hellip;]<\/p>\n","protected":false},"author":2,"featured_media":4995,"comment_status":"open","ping_status":"open","sticky":false,"template":"","format":"standard","meta":[],"categories":[3,5],"tags":[],"_links":{"self":[{"href":"https:\/\/dgospel.com.br\/portal\/index.php\/wp-json\/wp\/v2\/posts\/4994"}],"collection":[{"href":"https:\/\/dgospel.com.br\/portal\/index.php\/wp-json\/wp\/v2\/posts"}],"about":[{"href":"https:\/\/dgospel.com.br\/portal\/index.php\/wp-json\/wp\/v2\/types\/post"}],"author":[{"embeddable":true,"href":"https:\/\/dgospel.com.br\/portal\/index.php\/wp-json\/wp\/v2\/users\/2"}],"replies":[{"embeddable":true,"href":"https:\/\/dgospel.com.br\/portal\/index.php\/wp-json\/wp\/v2\/comments?post=4994"}],"version-history":[{"count":1,"href":"https:\/\/dgospel.com.br\/portal\/index.php\/wp-json\/wp\/v2\/posts\/4994\/revisions"}],"predecessor-version":[{"id":4996,"href":"https:\/\/dgospel.com.br\/portal\/index.php\/wp-json\/wp\/v2\/posts\/4994\/revisions\/4996"}],"wp:featuredmedia":[{"embeddable":true,"href":"https:\/\/dgospel.com.br\/portal\/index.php\/wp-json\/wp\/v2\/media\/4995"}],"wp:attachment":[{"href":"https:\/\/dgospel.com.br\/portal\/index.php\/wp-json\/wp\/v2\/media?parent=4994"}],"wp:term":[{"taxonomy":"category","embeddable":true,"href":"https:\/\/dgospel.com.br\/portal\/index.php\/wp-json\/wp\/v2\/categories?post=4994"},{"taxonomy":"post_tag","embeddable":true,"href":"https:\/\/dgospel.com.br\/portal\/index.php\/wp-json\/wp\/v2\/tags?post=4994"}],"curies":[{"name":"wp","href":"https:\/\/api.w.org\/{rel}","templated":true}]}}