{"id":4997,"date":"2020-02-26T10:11:40","date_gmt":"2020-02-26T13:11:40","guid":{"rendered":"http:\/\/dgospel.com.br\/portal\/?p=4997"},"modified":"2020-02-26T10:11:41","modified_gmt":"2020-02-26T13:11:41","slug":"comerciantes-comemoram-incremento-da-economia-no-capital-da-fe","status":"publish","type":"post","link":"https:\/\/dgospel.com.br\/portal\/index.php\/2020\/02\/26\/comerciantes-comemoram-incremento-da-economia-no-capital-da-fe\/","title":{"rendered":"Comerciantes comemoram incremento da economia no \u2018Capital da F\u00e9\u2019"},"content":{"rendered":"\n<p>Um incremento na renda familiar mensal de pelo menos 20% \u00e9 o resultado que os comerciantes que est\u00e3o trabalhando no \u2018Palmas Capital da F\u00e9\u2019 est\u00e3o conseguindo nesses dias de festa crist\u00e3. O evento, que tem reunido um p\u00fablico superior a 8 mil visitantes, est\u00e1 aglomerando em um mesmo ambiente, ambulantes de variados g\u00eaneros aliment\u00edcios, como caldos, carnes, sandu\u00edches e pipocas, dentre outros.<\/p>\n\n\n\n<p>A estrutura montada pela Prefeitura de Palmas, por meio da Ag\u00eancia Municipal de Turismo (Agtur) oferece espa\u00e7os para&nbsp;<em>food trucks<\/em>, barracas, carrinhos de pipocas e churros, al\u00e9m e artesanatos e parque infantil.<\/p>\n\n\n\n<p>A cozinheira de restaurante, Marione Ferreira de Souza, 34 anos, est\u00e1 com uma barraca de caldos e bebidas n\u00e3o alco\u00f3licas. Ela disse que sempre que tem oportunidade participa dos eventos promovidos pela Prefeitura.<\/p>\n\n\n\n<p>\u201cNeste tipo de evento a gente tem a oportunidade de refor\u00e7ar o or\u00e7amento familiar. Minha expectativa \u00e9 que neste \u2018Capital da F\u00e9\u2019 a gente consiga um extra de pelo menos 20%\u201d, relatou Marione.<\/p>\n\n\n\n<p>J\u00e1 o estudante Marcos Vin\u00edcius Sousa Ara\u00fajo, 17 anos, que est\u00e1 ajudando os pais na barraca da fam\u00edlia, em que comercializam carne na chapa, batatas fritas sucos e refrigerantes, comemora o incremento da renda familiar.<\/p>\n\n\n\n<p>\u201cVendemos sempre nas feiras de Palmas e este Capital da F\u00e9 nos d\u00e1 a oportunidade de melhorar nossos ganhos, al\u00e9m de participar de uma festa crist\u00e3, com shows maravilhosos. Este ano \u00e9 o melhor de todos que j\u00e1 participei. S\u00f3 temos o que festejar\u201d, comentou.<\/p>\n\n\n\n<p>Quem tamb\u00e9m conseguiu garantir um refor\u00e7o no or\u00e7amento dom\u00e9stico foi o pipoqueiro Jo\u00e3o Santo, 38 anos. Ele disse que tem ponto fixo, mas que nesta festa est\u00e1 apurando um extra de 20%.<\/p>\n\n\n\n<p>\u201cSempre que sou sorteado participo das festas promovidas pela Prefeitura de Palmas. \u00c9 uma forma de ajudar o ambulante a ter oportunidade de melhorar a renda da fam\u00edlia\u201d, avaliou.<\/p>\n\n\n\n<p><strong>Seguran\u00e7a e higiene<\/strong><\/p>\n\n\n\n<p>O \u2018Capital da F\u00e9\u2019, al\u00e9m de trazer este refor\u00e7o na economia dom\u00e9stica, tamb\u00e9m oferece ao p\u00fablico um circuito organizado e seguro, com rondas da Pol\u00edcia Militar e Guarda Metropolitana de Palmas.<\/p>\n\n\n\n<p>Outro destaque \u00e9 para a seguran\u00e7a alimentar no local. Todas as noites no in\u00edcio do movimento, fiscais da vigil\u00e2ncia sanit\u00e1ria passam pelas barracas conferindo as condi\u00e7\u00f5es de higiene, tanto de quem est\u00e1 trabalhando, quanto dos locais e equipamentos em que os alimentos s\u00e3o manipulados.<\/p>\n","protected":false},"excerpt":{"rendered":"<p>Um incremento na renda familiar mensal de pelo menos 20% \u00e9 o resultado que os comerciantes que est\u00e3o trabalhando no \u2018Palmas Capital da F\u00e9\u2019 est\u00e3o conseguindo nesses dias de festa crist\u00e3. O evento, que tem reunido um p\u00fablico superior a 8 mil visitantes, est\u00e1 aglomerando em um mesmo ambiente, ambulantes de variados g\u00eaneros aliment\u00edcios, como [&hellip;]<\/p>\n","protected":false},"author":2,"featured_media":4998,"comment_status":"open","ping_status":"open","sticky":false,"template":"","format":"standard","meta":[],"categories":[3,5],"tags":[],"_links":{"self":[{"href":"https:\/\/dgospel.com.br\/portal\/index.php\/wp-json\/wp\/v2\/posts\/4997"}],"collection":[{"href":"https:\/\/dgospel.com.br\/portal\/index.php\/wp-json\/wp\/v2\/posts"}],"about":[{"href":"https:\/\/dgospel.com.br\/portal\/index.php\/wp-json\/wp\/v2\/types\/post"}],"author":[{"embeddable":true,"href":"https:\/\/dgospel.com.br\/portal\/index.php\/wp-json\/wp\/v2\/users\/2"}],"replies":[{"embeddable":true,"href":"https:\/\/dgospel.com.br\/portal\/index.php\/wp-json\/wp\/v2\/comments?post=4997"}],"version-history":[{"count":1,"href":"https:\/\/dgospel.com.br\/portal\/index.php\/wp-json\/wp\/v2\/posts\/4997\/revisions"}],"predecessor-version":[{"id":4999,"href":"https:\/\/dgospel.com.br\/portal\/index.php\/wp-json\/wp\/v2\/posts\/4997\/revisions\/4999"}],"wp:featuredmedia":[{"embeddable":true,"href":"https:\/\/dgospel.com.br\/portal\/index.php\/wp-json\/wp\/v2\/media\/4998"}],"wp:attachment":[{"href":"https:\/\/dgospel.com.br\/portal\/index.php\/wp-json\/wp\/v2\/media?parent=4997"}],"wp:term":[{"taxonomy":"category","embeddable":true,"href":"https:\/\/dgospel.com.br\/portal\/index.php\/wp-json\/wp\/v2\/categories?post=4997"},{"taxonomy":"post_tag","embeddable":true,"href":"https:\/\/dgospel.com.br\/portal\/index.php\/wp-json\/wp\/v2\/tags?post=4997"}],"curies":[{"name":"wp","href":"https:\/\/api.w.org\/{rel}","templated":true}]}}