{"id":500,"date":"2018-06-08T17:39:26","date_gmt":"2018-06-08T20:39:26","guid":{"rendered":"http:\/\/dgospel.com.br\/portal\/?p=500"},"modified":"2018-06-08T17:43:59","modified_gmt":"2018-06-08T20:43:59","slug":"senador-magno-malta-pede-para-os-evangelicos-votarem-em-vicentinho","status":"publish","type":"post","link":"https:\/\/dgospel.com.br\/portal\/index.php\/2018\/06\/08\/senador-magno-malta-pede-para-os-evangelicos-votarem-em-vicentinho\/","title":{"rendered":"Magno Malta declara apoio e pede voto para Vicentinho"},"content":{"rendered":"<div>O senador Magno Malta (PR\/ES) se manifestou, por meio de v\u00eddeo, em apoio e pediu votos ao candidato a governador pela coliga\u00e7\u00e3o \u201cA Vez dos Tocantinenses\u201d, Vicentinho Alves (PR), no segundo turno das elei\u00e7\u00f5es suplementares no Tocantins dia 24 deste m\u00eas. \u201cVicentinho atua comigo na Comiss\u00e3o dos Direitos Humano. Ele tem sido valente. \u00c9 conciliador, um cara da paz, que atua pela defesa da vida\u201d, disse.<\/div>\n<div><\/div>\n<div>Malta ressaltou que, com o relacionamento que tem no Senado e nos minist\u00e9rios em Bras\u00edlia, \u00e9 capaz de levar mais recursos e melhorias para o Tocantins em todas as \u00e1reas. \u201cVicentinho ser\u00e1 um \u00f3timo governador. Sujeito do bem. Tem relacionamento muito grande em Bras\u00edlia. Vai levar coisas boas para o Tocantins. Vai apaziguar o Estado\u201d, disse, em rela\u00e7\u00e3o ao momento turbulento da pol\u00edtica tocantinense.<\/div>\n<div><\/div>\n<div>AOS CRIST\u00c3OS<\/div>\n<div><\/div>\n<div>No v\u00eddeo, Magno Malta, que \u00e9 evang\u00e9lico, fez pedido especial aos crist\u00e3os tocantinenses para votar em Vicentinho. \u201cPe\u00e7o aos meus irm\u00e3os evang\u00e9licos, os pastores, ap\u00f3stolos e queridos amigos. N\u00e3o erra, n\u00e3o! D\u00ea seu voto para Vicentinho que voc\u00ea n\u00e3o vai errar\u201d, disse. \u201cE voc\u00ea, crist\u00e3o, cat\u00f3lico, evang\u00e9lico ou esp\u00edrita. Vicentinho \u00e9 um cidad\u00e3o crist\u00e3o, cat\u00f3lico&#8230; O que nos une \u00e9 a defesa da vida, da fam\u00edlia. Se voc\u00ea der o voto ao Vicentinho, estar\u00e1 votando contra o aborto e contra a legaliza\u00e7\u00e3o das drogas, por exemplo\u201d, finalizou.<\/div>\n","protected":false},"excerpt":{"rendered":"<p>O senador Magno Malta (PR\/ES) se manifestou, por meio de v\u00eddeo, em apoio e pediu votos ao candidato a governador pela coliga\u00e7\u00e3o \u201cA Vez dos Tocantinenses\u201d, Vicentinho Alves (PR), no segundo turno das elei\u00e7\u00f5es suplementares no Tocantins dia 24 deste m\u00eas. \u201cVicentinho atua comigo na Comiss\u00e3o dos Direitos Humano. Ele tem sido valente. \u00c9 conciliador, [&hellip;]<\/p>\n","protected":false},"author":2,"featured_media":501,"comment_status":"open","ping_status":"open","sticky":false,"template":"","format":"standard","meta":[],"categories":[2,4],"tags":[],"_links":{"self":[{"href":"https:\/\/dgospel.com.br\/portal\/index.php\/wp-json\/wp\/v2\/posts\/500"}],"collection":[{"href":"https:\/\/dgospel.com.br\/portal\/index.php\/wp-json\/wp\/v2\/posts"}],"about":[{"href":"https:\/\/dgospel.com.br\/portal\/index.php\/wp-json\/wp\/v2\/types\/post"}],"author":[{"embeddable":true,"href":"https:\/\/dgospel.com.br\/portal\/index.php\/wp-json\/wp\/v2\/users\/2"}],"replies":[{"embeddable":true,"href":"https:\/\/dgospel.com.br\/portal\/index.php\/wp-json\/wp\/v2\/comments?post=500"}],"version-history":[{"count":4,"href":"https:\/\/dgospel.com.br\/portal\/index.php\/wp-json\/wp\/v2\/posts\/500\/revisions"}],"predecessor-version":[{"id":505,"href":"https:\/\/dgospel.com.br\/portal\/index.php\/wp-json\/wp\/v2\/posts\/500\/revisions\/505"}],"wp:featuredmedia":[{"embeddable":true,"href":"https:\/\/dgospel.com.br\/portal\/index.php\/wp-json\/wp\/v2\/media\/501"}],"wp:attachment":[{"href":"https:\/\/dgospel.com.br\/portal\/index.php\/wp-json\/wp\/v2\/media?parent=500"}],"wp:term":[{"taxonomy":"category","embeddable":true,"href":"https:\/\/dgospel.com.br\/portal\/index.php\/wp-json\/wp\/v2\/categories?post=500"},{"taxonomy":"post_tag","embeddable":true,"href":"https:\/\/dgospel.com.br\/portal\/index.php\/wp-json\/wp\/v2\/tags?post=500"}],"curies":[{"name":"wp","href":"https:\/\/api.w.org\/{rel}","templated":true}]}}