{"id":5000,"date":"2020-02-26T10:16:19","date_gmt":"2020-02-26T13:16:19","guid":{"rendered":"http:\/\/dgospel.com.br\/portal\/?p=5000"},"modified":"2020-02-26T10:16:21","modified_gmt":"2020-02-26T13:16:21","slug":"apresentacao-internacional-e-variedade-musical-marcam-encerramento-do-6o-capital-da-fe","status":"publish","type":"post","link":"https:\/\/dgospel.com.br\/portal\/index.php\/2020\/02\/26\/apresentacao-internacional-e-variedade-musical-marcam-encerramento-do-6o-capital-da-fe\/","title":{"rendered":"Apresenta\u00e7\u00e3o internacional e variedade musical marcam encerramento do 6\u00ba Capital da F\u00e9"},"content":{"rendered":"\n<p>A sexta edi\u00e7\u00e3o do Capital da F\u00e9 se encerrou com grande \u00eaxito. \u00daltimo dia de evento, a ter\u00e7a-feira, 25, foi uma noite que demonstrou o quanto a m\u00fasica crist\u00e3 evoluiu nas \u00faltimas d\u00e9cadas com a incorpora\u00e7\u00e3o de diferentes estilos musicais. Foram apresenta\u00e7\u00f5es ecl\u00e9ticas e animadas feitas&nbsp;&nbsp;por grupos de alcance regional, nacional e internacional com mesmo prop\u00f3sito: compartilhar mensagens crist\u00e3s \u00e0s fam\u00edlias de Palmas.<br><\/p>\n\n\n\n<p>As cerca de 8 mil pessoas, de acordo com dados preliminares, que tiveram o privil\u00e9gio de assistir apresenta\u00e7\u00f5es ecl\u00e9ticas do gospel interagiram com as atra\u00e7\u00f5es j\u00e1 consagradas como Aline Barros e Cassiane, que usam do pop rock como plataforma para seus louvores.&nbsp; A cantora Cassiane tamb\u00e9m demonstrou sua admira\u00e7\u00e3o pelo evento. \u201cN\u00e3o \u00e9 a primeira vez que vim e novamente foi maravilhoso. Para mim \u00e9 uma honra levar o povo \u00e0 presen\u00e7a de Deus por meio da m\u00fasica\u201d, finalizou.<\/p>\n\n\n\n<p>No entanto, a grande novidade desta edi\u00e7\u00e3o do Capital da F\u00e9 2020 foi a banda californiana Crhistafari, que rompeu barreiras lingu\u00edsticas para engajar o p\u00fablico ali presente com louvores de reggae crist\u00e3o. \u201cTivemos em muitas celebra\u00e7\u00f5es nos \u00faltimos 15 anos no Brasil, mas aqui em Palmas tem algo de especial. H\u00e1 santidade.&nbsp; Acredito que podemos sentir aqui um pouco do que poderemos sentir no c\u00e9u. Estamos honrados como grupo de sermos a primeira banda internacional a participar do Capital da F\u00e9\u201d, disse o pastor e l\u00edder da banda Christafari, Mark Mohr.<\/p>\n\n\n\n<p>O forr\u00f3 gospel do baiano Sandro Nazireu tamb\u00e9m ecoou, bem como o som das atra\u00e7\u00f5es regionais&nbsp; Rosilene Martins, que canta gospel pentecostal, e Karine Rosa, com seu repert\u00f3rio de gospel black music.<\/p>\n\n\n\n<p><strong>P\u00fablico gostou<\/strong><\/p>\n\n\n\n<p>O aut\u00f4nomo colombiano Francisco Diave foi um dos presentes que n\u00e3o se arrependeram de comparecer ao evento de m\u00fasica crist\u00e3. Ele passa f\u00e9rias no Tocantins e contou que soube do Capital da F\u00e9 pela internet. Acompanhado do amigo, o mec\u00e2nico Justie Viana, ele disse: \u201cVi pela internet e logo me interessei. J\u00e1 participei de eventos deste tipo mas deste aqui estou impressionado, gostando muito\u201d.<\/p>\n\n\n\n<p>A operadora de telemarketing Adiene Divina chegou cedo ao Capital da F\u00e9 acompanhada de familiares e amigos. \u201cVim especialmente ver a Cassiane. Gosto muito dela. O louvor dela transmite sinceridade, ministra o bem. Ela \u00e9 carism\u00e1tica, mostra que faz a obra com prazer e serve de exemplo para mim\u201d.<\/p>\n\n\n\n<p><strong>Varia\u00e7\u00f5es musicais<\/strong><\/p>\n\n\n\n<p>O Capital da F\u00e9 celebra em Palmas importantes atra\u00e7\u00f5es do cen\u00e1rio musical cat\u00f3lico e crist\u00e3o em programa\u00e7\u00e3o durante as festas de Carnaval. \u201cEventos&nbsp; assim podem contribuir para aben\u00e7oar fam\u00edlias. Espero que se desperte essa iniciativa em outras cidades porque trata-se de evento que aben\u00e7oa e traz estrutura para fam\u00edlias mais fortes\u201d, disse Aline Barros.<\/p>\n\n\n\n<p>\u201cEste ano&nbsp; vivemos um momento diferente e o Capital da F\u00e9 se consolida como uma grande pol\u00edtica p\u00fablica do nosso Munic\u00edpio que realizamos com muito amor com a participa\u00e7\u00e3o as fam\u00edlias e de pessoas que acreditam nesse movimento diferente\u201d, afirmou a prefeita Cinthia Ribeiro, citando a iniciativa desta edi\u00e7\u00e3o de chamamento p\u00fablico em prol de apoio da iniciativa privada ao evento.<\/p>\n","protected":false},"excerpt":{"rendered":"<p>A sexta edi\u00e7\u00e3o do Capital da F\u00e9 se encerrou com grande \u00eaxito. \u00daltimo dia de evento, a ter\u00e7a-feira, 25, foi uma noite que demonstrou o quanto a m\u00fasica crist\u00e3 evoluiu nas \u00faltimas d\u00e9cadas com a incorpora\u00e7\u00e3o de diferentes estilos musicais. Foram apresenta\u00e7\u00f5es ecl\u00e9ticas e animadas feitas&nbsp;&nbsp;por grupos de alcance regional, nacional e internacional com mesmo [&hellip;]<\/p>\n","protected":false},"author":2,"featured_media":5001,"comment_status":"open","ping_status":"open","sticky":false,"template":"","format":"standard","meta":[],"categories":[3,5],"tags":[],"_links":{"self":[{"href":"https:\/\/dgospel.com.br\/portal\/index.php\/wp-json\/wp\/v2\/posts\/5000"}],"collection":[{"href":"https:\/\/dgospel.com.br\/portal\/index.php\/wp-json\/wp\/v2\/posts"}],"about":[{"href":"https:\/\/dgospel.com.br\/portal\/index.php\/wp-json\/wp\/v2\/types\/post"}],"author":[{"embeddable":true,"href":"https:\/\/dgospel.com.br\/portal\/index.php\/wp-json\/wp\/v2\/users\/2"}],"replies":[{"embeddable":true,"href":"https:\/\/dgospel.com.br\/portal\/index.php\/wp-json\/wp\/v2\/comments?post=5000"}],"version-history":[{"count":1,"href":"https:\/\/dgospel.com.br\/portal\/index.php\/wp-json\/wp\/v2\/posts\/5000\/revisions"}],"predecessor-version":[{"id":5002,"href":"https:\/\/dgospel.com.br\/portal\/index.php\/wp-json\/wp\/v2\/posts\/5000\/revisions\/5002"}],"wp:featuredmedia":[{"embeddable":true,"href":"https:\/\/dgospel.com.br\/portal\/index.php\/wp-json\/wp\/v2\/media\/5001"}],"wp:attachment":[{"href":"https:\/\/dgospel.com.br\/portal\/index.php\/wp-json\/wp\/v2\/media?parent=5000"}],"wp:term":[{"taxonomy":"category","embeddable":true,"href":"https:\/\/dgospel.com.br\/portal\/index.php\/wp-json\/wp\/v2\/categories?post=5000"},{"taxonomy":"post_tag","embeddable":true,"href":"https:\/\/dgospel.com.br\/portal\/index.php\/wp-json\/wp\/v2\/tags?post=5000"}],"curies":[{"name":"wp","href":"https:\/\/api.w.org\/{rel}","templated":true}]}}