{"id":5003,"date":"2020-02-26T10:36:44","date_gmt":"2020-02-26T13:36:44","guid":{"rendered":"http:\/\/dgospel.com.br\/portal\/?p=5003"},"modified":"2020-02-26T10:36:45","modified_gmt":"2020-02-26T13:36:45","slug":"bolsonaro-indica-dois-nomes-ligados-a-igreja-evangelica-para-diretoria-da-ancine","status":"publish","type":"post","link":"https:\/\/dgospel.com.br\/portal\/index.php\/2020\/02\/26\/bolsonaro-indica-dois-nomes-ligados-a-igreja-evangelica-para-diretoria-da-ancine\/","title":{"rendered":"Bolsonaro indica dois nomes ligados \u00e0 igreja evang\u00e9lica para diretoria da Ancine"},"content":{"rendered":"\n<p>O presidente Jair Bolsonaro submeteu ao Senado Federal, para aprecia\u00e7\u00e3o, os nomes de Edil\u00e1sio Santana Barra J\u00fanior e Veronica Brendler para ocupar a diretoria da Ag\u00eancia Nacional do Cinema (Ancine).<\/p>\n\n\n\n<p>Edil\u00e1sio \u00e9 jornalista, apresentador de TV, empres\u00e1rio de eventos e pastor evang\u00e9lico e j\u00e1 estava na Ancine, como superintendente de Desenvolvimento Econ\u00f4mico da ag\u00eancia. Veronica Brendler \u00e9 jornalista, produtora cultural, cineasta e idealizadora do Festival Internacional de Cinema Crist\u00e3o (FICC), realizado h\u00e1 sete anos no pa\u00eds.<\/p>\n\n\n\n<p>As indica\u00e7\u00f5es constam de mensagens publicadas no Di\u00e1rio Oficial da Uni\u00e3o (DOU) desta sexta-feira (21). Para assumir os novos cargos, os indicados devem passar por sabatina no Senado e precisam ter seus nomes aprovados por comiss\u00e3o e pelo plen\u00e1rio da Casa.<\/p>\n","protected":false},"excerpt":{"rendered":"<p>O presidente Jair Bolsonaro submeteu ao Senado Federal, para aprecia\u00e7\u00e3o, os nomes de Edil\u00e1sio Santana Barra J\u00fanior e Veronica Brendler para ocupar a diretoria da Ag\u00eancia Nacional do Cinema (Ancine). Edil\u00e1sio \u00e9 jornalista, apresentador de TV, empres\u00e1rio de eventos e pastor evang\u00e9lico e j\u00e1 estava na Ancine, como superintendente de Desenvolvimento Econ\u00f4mico da ag\u00eancia. Veronica [&hellip;]<\/p>\n","protected":false},"author":2,"featured_media":5004,"comment_status":"open","ping_status":"open","sticky":false,"template":"","format":"standard","meta":[],"categories":[6,4],"tags":[],"_links":{"self":[{"href":"https:\/\/dgospel.com.br\/portal\/index.php\/wp-json\/wp\/v2\/posts\/5003"}],"collection":[{"href":"https:\/\/dgospel.com.br\/portal\/index.php\/wp-json\/wp\/v2\/posts"}],"about":[{"href":"https:\/\/dgospel.com.br\/portal\/index.php\/wp-json\/wp\/v2\/types\/post"}],"author":[{"embeddable":true,"href":"https:\/\/dgospel.com.br\/portal\/index.php\/wp-json\/wp\/v2\/users\/2"}],"replies":[{"embeddable":true,"href":"https:\/\/dgospel.com.br\/portal\/index.php\/wp-json\/wp\/v2\/comments?post=5003"}],"version-history":[{"count":1,"href":"https:\/\/dgospel.com.br\/portal\/index.php\/wp-json\/wp\/v2\/posts\/5003\/revisions"}],"predecessor-version":[{"id":5005,"href":"https:\/\/dgospel.com.br\/portal\/index.php\/wp-json\/wp\/v2\/posts\/5003\/revisions\/5005"}],"wp:featuredmedia":[{"embeddable":true,"href":"https:\/\/dgospel.com.br\/portal\/index.php\/wp-json\/wp\/v2\/media\/5004"}],"wp:attachment":[{"href":"https:\/\/dgospel.com.br\/portal\/index.php\/wp-json\/wp\/v2\/media?parent=5003"}],"wp:term":[{"taxonomy":"category","embeddable":true,"href":"https:\/\/dgospel.com.br\/portal\/index.php\/wp-json\/wp\/v2\/categories?post=5003"},{"taxonomy":"post_tag","embeddable":true,"href":"https:\/\/dgospel.com.br\/portal\/index.php\/wp-json\/wp\/v2\/tags?post=5003"}],"curies":[{"name":"wp","href":"https:\/\/api.w.org\/{rel}","templated":true}]}}