{"id":5006,"date":"2020-02-28T11:08:58","date_gmt":"2020-02-28T14:08:58","guid":{"rendered":"http:\/\/dgospel.com.br\/portal\/?p=5006"},"modified":"2020-02-28T11:08:59","modified_gmt":"2020-02-28T14:08:59","slug":"governo-inicia-reunioes-com-parceiros-da-agrotins-2020-e-apresenta-novidades","status":"publish","type":"post","link":"https:\/\/dgospel.com.br\/portal\/index.php\/2020\/02\/28\/governo-inicia-reunioes-com-parceiros-da-agrotins-2020-e-apresenta-novidades\/","title":{"rendered":"Governo inicia reuni\u00f5es com parceiros da Agrotins 2020 e apresenta novidades"},"content":{"rendered":"\n<p>Foi apresentada&nbsp;na manh\u00e3 desta quinta-feira, 27, na sede da Secretaria de Estado da Agricultura, Pecu\u00e1ria e Aquicultura (Seagro), a&nbsp;20\u00aa&nbsp;edi\u00e7\u00e3o da&nbsp;Feira de Tecnologia Agropecu\u00e1ria do Tocantins (Agrotins), que ser\u00e1 realizada de 5 a 9 de maio, no Centro Agrotecnol\u00f3gico de Palmas. Participaram os gestores da Seagro, C\u00e9sar Halum;&nbsp;do Trabalho e Desenvolvimento Social, Jos\u00e9 Messias; do Meio Ambiente e Recursos H\u00eddricos, Renato Jaime; o presidente do Instituto Natureza do Tocantins (Naturatins), Sebasti\u00e3o Albuquerque Cordeiro;&nbsp;o presidente da Ag\u00eancia de Defesa Agropecu\u00e1ria (Adapec), Alberto Mendes da Rocha, al\u00e9m de representantes da Secretaria de Estado da Educa\u00e7\u00e3o, Juventude e Esportes (Seduc) e&nbsp;do Instituto de Desenvolvimento Rural do Tocantins (Ruraltins).<\/p>\n\n\n\n<p>Na oportunidade, o secret\u00e1rio C\u00e9sar Halum adiantou algumas novidades como o aer\u00f3dromo para pouso e decolagem de aeronaves leves, amplia\u00e7\u00e3o das vitrines agrotecnol\u00f3gicas de gr\u00e3os e o novo espa\u00e7o Campo do conhecimento, local em que ser\u00e3o realizados palestras, cursos, debates, entre outros. Todas as novidades e outros detalhes da Agrotins 2020 ser\u00e3o apresentados durante o lan\u00e7amento oficial da feira, marcado paro o pr\u00f3ximo dia 9 de mar\u00e7o.<\/p>\n\n\n\n<p>\u201cCom o tema&nbsp;<em>Cerrado Sustent\u00e1vel<\/em>, a Agrotins comemora seus 20 anos em grande estilo. Somos uma feira consolidada e que faz parte do calend\u00e1rio de feiras agrotecnol\u00f3gicas do pa\u00eds\u201d, frisou&nbsp;C\u00e9sar Halum, refor\u00e7ando a integra\u00e7\u00e3o e a participa\u00e7\u00e3o dos parceiros que garantem o sucesso da feira. \u201cAl\u00e9m da movimenta\u00e7\u00e3o no Centro Agrotecnol\u00f3gico, apresentando nossos servi\u00e7os e avan\u00e7os tecnol\u00f3gicos, geramos emprego e renda na Capital, lotando os hot\u00e9is da cidade, os restaurantes, bares e o com\u00e9rcio em geral\u201d, disse,&nbsp;lembrando que em 2019 mais de 150 mil pessoas visitaram a Agrotins e 710 expositores participaram, expondo seus servi\u00e7os e produtos.<\/p>\n\n\n\n<p>\u201cEstamos fortalecendo o Governo por meio da nossa integra\u00e7\u00e3o. Temos aqui \u00f3rg\u00e3os executores de pol\u00edticas p\u00fablicas que s\u00e3o fundamentais ao desenvolvimento de a\u00e7\u00f5es aliando preserva\u00e7\u00e3o e produ\u00e7\u00e3o no nosso Cerrado\u201d, pontuou o secret\u00e1rio Renato Jaime.<\/p>\n","protected":false},"excerpt":{"rendered":"<p>Foi apresentada&nbsp;na manh\u00e3 desta quinta-feira, 27, na sede da Secretaria de Estado da Agricultura, Pecu\u00e1ria e Aquicultura (Seagro), a&nbsp;20\u00aa&nbsp;edi\u00e7\u00e3o da&nbsp;Feira de Tecnologia Agropecu\u00e1ria do Tocantins (Agrotins), que ser\u00e1 realizada de 5 a 9 de maio, no Centro Agrotecnol\u00f3gico de Palmas. Participaram os gestores da Seagro, C\u00e9sar Halum;&nbsp;do Trabalho e Desenvolvimento Social, Jos\u00e9 Messias; do Meio [&hellip;]<\/p>\n","protected":false},"author":2,"featured_media":5007,"comment_status":"open","ping_status":"open","sticky":false,"template":"","format":"standard","meta":[],"categories":[3],"tags":[],"_links":{"self":[{"href":"https:\/\/dgospel.com.br\/portal\/index.php\/wp-json\/wp\/v2\/posts\/5006"}],"collection":[{"href":"https:\/\/dgospel.com.br\/portal\/index.php\/wp-json\/wp\/v2\/posts"}],"about":[{"href":"https:\/\/dgospel.com.br\/portal\/index.php\/wp-json\/wp\/v2\/types\/post"}],"author":[{"embeddable":true,"href":"https:\/\/dgospel.com.br\/portal\/index.php\/wp-json\/wp\/v2\/users\/2"}],"replies":[{"embeddable":true,"href":"https:\/\/dgospel.com.br\/portal\/index.php\/wp-json\/wp\/v2\/comments?post=5006"}],"version-history":[{"count":1,"href":"https:\/\/dgospel.com.br\/portal\/index.php\/wp-json\/wp\/v2\/posts\/5006\/revisions"}],"predecessor-version":[{"id":5008,"href":"https:\/\/dgospel.com.br\/portal\/index.php\/wp-json\/wp\/v2\/posts\/5006\/revisions\/5008"}],"wp:featuredmedia":[{"embeddable":true,"href":"https:\/\/dgospel.com.br\/portal\/index.php\/wp-json\/wp\/v2\/media\/5007"}],"wp:attachment":[{"href":"https:\/\/dgospel.com.br\/portal\/index.php\/wp-json\/wp\/v2\/media?parent=5006"}],"wp:term":[{"taxonomy":"category","embeddable":true,"href":"https:\/\/dgospel.com.br\/portal\/index.php\/wp-json\/wp\/v2\/categories?post=5006"},{"taxonomy":"post_tag","embeddable":true,"href":"https:\/\/dgospel.com.br\/portal\/index.php\/wp-json\/wp\/v2\/tags?post=5006"}],"curies":[{"name":"wp","href":"https:\/\/api.w.org\/{rel}","templated":true}]}}