{"id":5009,"date":"2020-02-28T11:11:26","date_gmt":"2020-02-28T14:11:26","guid":{"rendered":"http:\/\/dgospel.com.br\/portal\/?p=5009"},"modified":"2020-02-28T11:11:27","modified_gmt":"2020-02-28T14:11:27","slug":"governador-mauro-carlesse-debate-instalacao-do-parque-tecnologico-do-tocantins","status":"publish","type":"post","link":"https:\/\/dgospel.com.br\/portal\/index.php\/2020\/02\/28\/governador-mauro-carlesse-debate-instalacao-do-parque-tecnologico-do-tocantins\/","title":{"rendered":"Governador Mauro Carlesse debate instala\u00e7\u00e3o do Parque Tecnol\u00f3gico do Tocantins"},"content":{"rendered":"\n<p>O governador do Estado do Tocantins, Mauro Carlesse, recebeu na tarde desta quinta-feira, 27, o projeto do Parque Tecnol\u00f3gico do Tocantins, que dever\u00e1 ser implantado em Palmas. A apresenta\u00e7\u00e3o do projeto foi feita no Gabinete do Governador pelo presidente da Funda\u00e7\u00e3o de Amparo \u00e0 Pesquisa do Tocantins (FAPT), M\u00e1rcio Silveira, e pelos diretores da Funda\u00e7\u00e3o Centros de Refer\u00eancias em Tecnologias (Certi), Leandro Cariani e Marcus Dias.<\/p>\n\n\n\n<p>O Parque Tecnol\u00f3gico ser\u00e1 implantado em \u00e1rea privilegiada da Capital, \u00e0 margem do Lago de Palmas, na NS-15, pr\u00f3ximo ao Shopping Capim Dourado, da Universidade Estadual do Tocantins (Unitins) e da Universidade Federal do Tocantins (UFT). A expectativa do Governo do Estado \u00e9 implantar um espa\u00e7o para reunir empresas, universidades e poder p\u00fablico, com o objetivo de promover a cultura da inova\u00e7\u00e3o para trazer mais desenvolvimento.<\/p>\n\n\n\n<p>M\u00e1rcio Silveira ressaltou que o Governador v\u00ea a implanta\u00e7\u00e3o do Parque Tecnol\u00f3gico como uma importante ferramenta para o desenvolvimento sustent\u00e1vel, econ\u00f4mico e social, respeitando o meio ambiente. Ele explicou que o projeto do parque foi desenvolvido exclusivamente para o Tocantins, visando reunir o setor produtivo e a academia em torno do desenvolvimento de tecnologias.<\/p>\n\n\n\n<p>Segundo o presidente da FAPT, o pr\u00f3ximo passo ser\u00e1 discutir o modelo jur\u00eddico e a capta\u00e7\u00e3o de recursos para iniciar a implanta\u00e7\u00e3o do Parque estimada em R$ 18 milh\u00f5es, incluindo o Centro de Inova\u00e7\u00f5es. \u201cN\u00f3s apresentamos um modelo \u00fanico, porque n\u00f3s vivemos em uma regi\u00e3o completamente diferente, de transi\u00e7\u00e3o entre o cerrado, floresta amaz\u00f4nica e semi\u00e1rido, que tem uma voca\u00e7\u00e3o espec\u00edfica. Portanto, \u00e9 um projeto muito interessante, que vai despertar interesse do setor empresarial, bem como, de pesquisadores e das universidades\u201d, explicou M\u00e1rcio Silveira.<\/p>\n\n\n\n<p>O governador Mauro Carlesse \u00e9 um entusiasta da iniciativa e acredita que o Parque Tecnol\u00f3gico do Tocantins ser\u00e1 uma importante iniciativa para promover o desenvolvimento da regi\u00e3o, com respeito ao meio ambiente. \u201cVamos estudar a melhor forma de dar o pontap\u00e9 inicial para implanta\u00e7\u00e3o desse parque. \u00c9 um projeto vi\u00e1vel e temos todo o interesse que seja implantado para desenvolver o Estado e gerar emprego para o povo\u201d, disse.<\/p>\n\n\n\n<p>A reuni\u00e3o contou com a presen\u00e7a dos secret\u00e1rios da Ind\u00fastria, Com\u00e9rcio e Servi\u00e7os, Tom Lira; da Comunica\u00e7\u00e3o, \u00c9lcio Mendes; da Casa Civil, Rolf Vidal; da Governadoria, Divino Allan; al\u00e9m dos presidentes do Instituto Natureza do Tocantins (Naturatins), Sebasti\u00e3o Albuquerque; e da Companhia Imobili\u00e1ria do Tocantins (Terratins), Aleandro Lacerda.<\/p>\n","protected":false},"excerpt":{"rendered":"<p>O governador do Estado do Tocantins, Mauro Carlesse, recebeu na tarde desta quinta-feira, 27, o projeto do Parque Tecnol\u00f3gico do Tocantins, que dever\u00e1 ser implantado em Palmas. A apresenta\u00e7\u00e3o do projeto foi feita no Gabinete do Governador pelo presidente da Funda\u00e7\u00e3o de Amparo \u00e0 Pesquisa do Tocantins (FAPT), M\u00e1rcio Silveira, e pelos diretores da Funda\u00e7\u00e3o [&hellip;]<\/p>\n","protected":false},"author":2,"featured_media":5010,"comment_status":"open","ping_status":"open","sticky":false,"template":"","format":"standard","meta":[],"categories":[3],"tags":[],"_links":{"self":[{"href":"https:\/\/dgospel.com.br\/portal\/index.php\/wp-json\/wp\/v2\/posts\/5009"}],"collection":[{"href":"https:\/\/dgospel.com.br\/portal\/index.php\/wp-json\/wp\/v2\/posts"}],"about":[{"href":"https:\/\/dgospel.com.br\/portal\/index.php\/wp-json\/wp\/v2\/types\/post"}],"author":[{"embeddable":true,"href":"https:\/\/dgospel.com.br\/portal\/index.php\/wp-json\/wp\/v2\/users\/2"}],"replies":[{"embeddable":true,"href":"https:\/\/dgospel.com.br\/portal\/index.php\/wp-json\/wp\/v2\/comments?post=5009"}],"version-history":[{"count":1,"href":"https:\/\/dgospel.com.br\/portal\/index.php\/wp-json\/wp\/v2\/posts\/5009\/revisions"}],"predecessor-version":[{"id":5011,"href":"https:\/\/dgospel.com.br\/portal\/index.php\/wp-json\/wp\/v2\/posts\/5009\/revisions\/5011"}],"wp:featuredmedia":[{"embeddable":true,"href":"https:\/\/dgospel.com.br\/portal\/index.php\/wp-json\/wp\/v2\/media\/5010"}],"wp:attachment":[{"href":"https:\/\/dgospel.com.br\/portal\/index.php\/wp-json\/wp\/v2\/media?parent=5009"}],"wp:term":[{"taxonomy":"category","embeddable":true,"href":"https:\/\/dgospel.com.br\/portal\/index.php\/wp-json\/wp\/v2\/categories?post=5009"},{"taxonomy":"post_tag","embeddable":true,"href":"https:\/\/dgospel.com.br\/portal\/index.php\/wp-json\/wp\/v2\/tags?post=5009"}],"curies":[{"name":"wp","href":"https:\/\/api.w.org\/{rel}","templated":true}]}}