{"id":5016,"date":"2020-02-28T11:17:01","date_gmt":"2020-02-28T14:17:01","guid":{"rendered":"http:\/\/dgospel.com.br\/portal\/?p=5016"},"modified":"2020-02-28T11:17:02","modified_gmt":"2020-02-28T14:17:02","slug":"em-fevereiro-governador-carlesse-tem-agenda-voltada-para-o-desenvolvimento-economico-do-tocantins","status":"publish","type":"post","link":"https:\/\/dgospel.com.br\/portal\/index.php\/2020\/02\/28\/em-fevereiro-governador-carlesse-tem-agenda-voltada-para-o-desenvolvimento-economico-do-tocantins\/","title":{"rendered":"Em fevereiro, governador Carlesse tem agenda voltada para o desenvolvimento econ\u00f4mico do Tocantins"},"content":{"rendered":"\n<p>O m\u00eas de fevereiro foi marcado por uma intensa agenda do governador do Tocantins, Mauro Carlesse, com foco, principalmente, em a\u00e7\u00f5es que garantam o fomento da economia do Estado e o seu consequente reflexo na melhoria de condi\u00e7\u00f5es de vida dos cidad\u00e3os tocantinenses.<\/p>\n\n\n\n<p>Foram destaques na agenda do governador, a renova\u00e7\u00e3o do benef\u00edcio que reduz em 75% a al\u00edquota do Imposto sobre Circula\u00e7\u00e3o de Mercadorias e Servi\u00e7os (ICMS) \u00e0s micro e pequenas empresas que s\u00e3o optantes do Simples Nacional; a negocia\u00e7\u00e3o para implanta\u00e7\u00e3o do Banco de Bras\u00edlia (BRB) no Tocantins; e a reuni\u00e3o com a diretoria da Companhia de Desenvolvimento dos Vales do S\u00e3o Francisco e Parna\u00edba (Codevasf).<\/p>\n\n\n\n<p><strong>Renova\u00e7\u00e3o dos 75% da al\u00edquota do ICMS<\/strong><\/p>\n\n\n\n<p>No dia 4 de fevereiro, o governador recebeu l\u00edderes e representantes da classe empresarial do Tocantins e anunciou a renova\u00e7\u00e3o do benef\u00edcio que reduz em 75% a al\u00edquota do ICMS \u00e0s micro e pequenas empresas que s\u00e3o optantes do Simples Nacional.<\/p>\n\n\n\n<p>\u201cQualquer aumento de imposto no ramo de com\u00e9rcio e servi\u00e7os quem acaba pagando a diferen\u00e7a \u00e9 povo que \u00e9 o consumidor final desses empres\u00e1rios. Por isso, essa redu\u00e7\u00e3o de 75%, al\u00e9m de evitar o aumento nas mercadorias, tamb\u00e9m impulsiona o desenvolvimento da classe empresarial do nosso Estado\u201d, destacou o governador.<\/p>\n\n\n\n<p><strong>Implanta\u00e7\u00e3o do BRB no Tocantins<\/strong><\/p>\n\n\n\n<p>No dia 17 de fevereiro, o Chefe do Executivo tocantinense, Mauro Carlesse, recebeu, no Pal\u00e1cio Araguaia, o governador do Distrito Federal, Ibaneis Rocha, juntamente com o presidente do Banco de Bras\u00edlia, Paulo Henrique Costa, para discutir a instala\u00e7\u00e3o da institui\u00e7\u00e3o banc\u00e1ria no Estado.<\/p>\n\n\n\n<p>O Tocantins ser\u00e1 o primeiro estado da regi\u00e3o Norte do Brasil a contar com a instala\u00e7\u00e3o de ag\u00eancias do banco. De acordo com o presidente do BRB, a institui\u00e7\u00e3o possui linhas de cr\u00e9dito voltadas para o agroneg\u00f3cio e a aquisi\u00e7\u00e3o de equipamentos, juros competitivos no financiamento da casa pr\u00f3pria e em empr\u00e9stimos consignados para os servidores p\u00fablicos.<\/p>\n\n\n\n<p><strong>Instala\u00e7\u00e3o da Codevasf no Tocantins<\/strong><\/p>\n\n\n\n<p>No \u00faltimo dia 4, o governador Mauro Carlesse participou de reuni\u00e3o, no Pal\u00e1cio Araguaia, com a diretoria da Codevasf para apresentar projetos de irriga\u00e7\u00e3o do Estado e os potenciais hidrogr\u00e1ficos espalhados por toda sua \u00e1rea geogr\u00e1fica.<\/p>\n\n\n\n<p>Com a iniciativa do senador Eduardo Gomes e a abertura do Governo do Tocantins, a empresa p\u00fablica federal instala, inicialmente, um escrit\u00f3rio na Capital para prospec\u00e7\u00e3o de uma superintend\u00eancia.<\/p>\n\n\n\n<p><strong>Outras a\u00e7\u00f5es de fomento \u00e0 economia<\/strong><\/p>\n\n\n\n<p>Al\u00e9m das a\u00e7\u00f5es citadas acima, o governador tamb\u00e9m recebeu, no \u00faltimo dia 13, executivos de empresa do ramo de frigor\u00edficos interessados em investir cerca de R$ 12 milh\u00f5es e gerar mais de 600 empregos no Tocantins. Na ocasi\u00e3o, foram apresentadas as vantagens em investir no Estado em virtude da posi\u00e7\u00e3o geogr\u00e1fica, da log\u00edstica de transporte, das terras f\u00e9rteis e do potencial h\u00eddrico, aliados aos incentivos oferecidos pelo Governo.<\/p>\n\n\n\n<p>No dia 17, o governador se reuniu com o embaixador da \u00c1frica do Sul, Ntshikiwane Joseph Mashimbye, para discutir interc\u00e2mbio comercial e coopera\u00e7\u00e3o tecnol\u00f3gica com o pa\u00eds.<\/p>\n\n\n\n<p>J\u00e1 no \u00faltimo dia 21, o Di\u00e1rio Oficial do Estado (DOE) trouxe a publica\u00e7\u00e3o do aviso de abertura de licita\u00e7\u00e3o para realiza\u00e7\u00e3o das obras de infraestrutura urbanas previstas no programa Governo Municipalista. As obras ser\u00e3o financiadas com recursos oriundos de empr\u00e9stimo com a Caixa Econ\u00f4mica Federal (CEF).<\/p>\n\n\n\n<p>O projeto prev\u00ea a realiza\u00e7\u00e3o do investimento de R$ 1.020 milh\u00e3o em obras de infraestrutura em cada uma das cidades do Tocantins. A previs\u00e3o \u00e9 de que, durante a sua fase de execu\u00e7\u00e3o, sejam gerados cerca de 20 mil empregos em todo o Estado.<\/p>\n\n\n\n<p>Nesta quinta-feira, 27, o governador debateu com secret\u00e1rios de Estado e com o presidente da Funda\u00e7\u00e3o de Amparo \u00e0 Pesquisa do Tocantins (FAPT), M\u00e1rcio Silveira, e os diretores da Funda\u00e7\u00e3o Centros de Refer\u00eancias em Tecnologias (Certi), Leandro Cariani e Marcus Dias, a instala\u00e7\u00e3o do Parque Tecnol\u00f3gico do Tocantins, que ser\u00e1 implantado em \u00e1rea privilegiada da Capital, \u00e0 margem do Lago de Palmas.<\/p>\n\n\n\n<p>A expectativa do Governo do Tocantins \u00e9 implantar um espa\u00e7o para reunir empresas, universidades e poder p\u00fablico, com o objetivo de promover a cultura da inova\u00e7\u00e3o para trazer mais desenvolvimento.<\/p>\n\n\n\n<p><strong>Qualifica\u00e7\u00e3o Profissional para Mulheres<\/strong><\/p>\n\n\n\n<p>O lan\u00e7amento do projeto de qualifica\u00e7\u00e3o profissional para mulheres de baixa renda \u201cJeito de Mulher\u201d, que ocorreu no dia 3, no Pal\u00e1cio Araguaia, contou a presen\u00e7a do governador Mauro Carlesse. Entre 2016 e 2017, o projeto beneficiou 210 mulheres de oito munic\u00edpios. Nesta 2\u00aa etapa, ser\u00e3o beneficiadas mais 225, totalizando 435 mulheres.<\/p>\n\n\n\n<p><strong>Volta \u00e0s Aulas e 30 anos de Unitins<\/strong><\/p>\n\n\n\n<p>No in\u00edcio do m\u00eas, dia 3, o governador Mauro Carlesse participou da abertura do ano letivo de 2020 na Escola Estadual de Tempo Integral Professora Eliz\u00e2ngela Gl\u00f3ria Cardoso, em Palmas, e garantiu \u201cmelhores condi\u00e7\u00f5es para que nossas crian\u00e7as possam estudar em um ambiente adequado e confort\u00e1vel\u201d.<\/p>\n\n\n\n<p>No dia 18, o governador&nbsp;recebeu men\u00e7\u00e3o honrosa pelo apoio ao fortalecimento da Universidade Estadual do Tocantins (Unitins) durante cerim\u00f4nia de 30 anos da institui\u00e7\u00e3o, comemorada no Pal\u00e1cio Araguaia.<\/p>\n\n\n\n<p><strong>Mensagem \u00e0 Assembleia, Reuni\u00e3o com a PM e Fomento \u00e0 Cultura e Turismo<\/strong><\/p>\n\n\n\n<p>Em mensagem enviada \u00e0 Assembleia Legislativa do Tocantins (AL\/TO), por ocasi\u00e3o da abertura dos trabalhos da 2\u00aa Sess\u00e3o Legislativa da 9\u00aa Legislatura, lida pelo secret\u00e1rio-chefe da Casa Civil, Rolf Vidal, no dia 4, o governador Mauro Carlesse destacou o desenvolvimento do Tocantins, a integra\u00e7\u00e3o do Jalap\u00e3o e o corte de gastos do Estado que resultou no enquadramento do Estado na Lei de Responsabilidade Fiscal (LRF).<\/p>\n\n\n\n<p>No dia 5, o governador Mauro Carlesse se reuniu, no Pal\u00e1cio Araguaia, com a c\u00fapula da Pol\u00edcia Militar (PM) para estabelecer um contato mais pr\u00f3ximo entre o Governador e os gestores nomeados pelo atual governo. Na ocasi\u00e3o, o Chefe do Executivo destacou as qualidades da PM tocantinense.<\/p>\n\n\n\n<p>Na \u00e1rea do Turismo e Cultura, o governador visitou no in\u00edcio do m\u00eas, dia 2, as regi\u00f5es tur\u00edsticas do entorno do Jalap\u00e3o e Serras Gerais e debateu melhorias com empreendedores locais.<\/p>\n\n\n\n<p>J\u00e1 no per\u00edodo de carnaval, o governador fez, no dia 15, a abertura da 1\u00aa edi\u00e7\u00e3o do pr\u00e9-carnaval \u201cToca pra Pra\u00e7a\u201d, em Palmas e, prestigiou o carnaval de Gurupi, na \u00faltima segunda-feira, 24.<\/p>\n","protected":false},"excerpt":{"rendered":"<p>O m\u00eas de fevereiro foi marcado por uma intensa agenda do governador do Tocantins, Mauro Carlesse, com foco, principalmente, em a\u00e7\u00f5es que garantam o fomento da economia do Estado e o seu consequente reflexo na melhoria de condi\u00e7\u00f5es de vida dos cidad\u00e3os tocantinenses. Foram destaques na agenda do governador, a renova\u00e7\u00e3o do benef\u00edcio que reduz [&hellip;]<\/p>\n","protected":false},"author":2,"featured_media":5017,"comment_status":"open","ping_status":"open","sticky":false,"template":"","format":"standard","meta":[],"categories":[4],"tags":[],"_links":{"self":[{"href":"https:\/\/dgospel.com.br\/portal\/index.php\/wp-json\/wp\/v2\/posts\/5016"}],"collection":[{"href":"https:\/\/dgospel.com.br\/portal\/index.php\/wp-json\/wp\/v2\/posts"}],"about":[{"href":"https:\/\/dgospel.com.br\/portal\/index.php\/wp-json\/wp\/v2\/types\/post"}],"author":[{"embeddable":true,"href":"https:\/\/dgospel.com.br\/portal\/index.php\/wp-json\/wp\/v2\/users\/2"}],"replies":[{"embeddable":true,"href":"https:\/\/dgospel.com.br\/portal\/index.php\/wp-json\/wp\/v2\/comments?post=5016"}],"version-history":[{"count":1,"href":"https:\/\/dgospel.com.br\/portal\/index.php\/wp-json\/wp\/v2\/posts\/5016\/revisions"}],"predecessor-version":[{"id":5018,"href":"https:\/\/dgospel.com.br\/portal\/index.php\/wp-json\/wp\/v2\/posts\/5016\/revisions\/5018"}],"wp:featuredmedia":[{"embeddable":true,"href":"https:\/\/dgospel.com.br\/portal\/index.php\/wp-json\/wp\/v2\/media\/5017"}],"wp:attachment":[{"href":"https:\/\/dgospel.com.br\/portal\/index.php\/wp-json\/wp\/v2\/media?parent=5016"}],"wp:term":[{"taxonomy":"category","embeddable":true,"href":"https:\/\/dgospel.com.br\/portal\/index.php\/wp-json\/wp\/v2\/categories?post=5016"},{"taxonomy":"post_tag","embeddable":true,"href":"https:\/\/dgospel.com.br\/portal\/index.php\/wp-json\/wp\/v2\/tags?post=5016"}],"curies":[{"name":"wp","href":"https:\/\/api.w.org\/{rel}","templated":true}]}}