{"id":5025,"date":"2020-02-28T12:49:39","date_gmt":"2020-02-28T15:49:39","guid":{"rendered":"http:\/\/dgospel.com.br\/portal\/?p=5025"},"modified":"2020-02-28T12:49:41","modified_gmt":"2020-02-28T15:49:41","slug":"apos-pressao-de-evangelicos-witzel-revoga-decreto-que-poderia-restringir-pregacoes-sobre-homossexualidade","status":"publish","type":"post","link":"https:\/\/dgospel.com.br\/portal\/index.php\/2020\/02\/28\/apos-pressao-de-evangelicos-witzel-revoga-decreto-que-poderia-restringir-pregacoes-sobre-homossexualidade\/","title":{"rendered":"Ap\u00f3s press\u00e3o de evang\u00e9licos, Witzel revoga decreto que poderia restringir prega\u00e7\u00f5es sobre homossexualidade"},"content":{"rendered":"\n<p>Ap\u00f3s press\u00e3o da bancada evang\u00e9lica, o governo do Rio de Janeiro retirou da Assembleia Legislativa o decreto de autoria do executivo cujo objetivo \u00e9 regulamentar uma lei estadual que prev\u00ea puni\u00e7\u00f5es a quem discriminar \u201cpessoas por preconceito de sexo, identidade de g\u00eanero ou orienta\u00e7\u00e3o sexual\u201d.<\/p>\n\n\n\n<p>De acordo com o grupo evang\u00e9lico, caso o projeto se tornasse uma lei estadual poderia resvalar na liberdade de&nbsp;prega\u00e7\u00e3o da B\u00edblia. O governo carioca retirou o decreto, que deve ser apresentado com uma nova configura\u00e7\u00e3o nos pr\u00f3ximos dias.<\/p>\n\n\n\n<p>Um dos parlamentares a se manifestar contra foi o deputado carioca S\u00f3stenes Cavalcante. \u201cQueremos que esse decreto seja sustado na \u00edntegra. Caso contr\u00e1rio, o governador pode saber que viver\u00e1 com os evang\u00e9licos e cat\u00f3licos um inferno p\u00f3s-carnaval\u201d, afirmou S\u00f3stenes.<\/p>\n\n\n\n<p>O pastor e deputado federal Marco Feliciano tamb\u00e9m<strong><a href=\"https:\/\/folhagospel.com\/marco-feliciano-diz-que-decreto-do-governador-do-rio-tornou-ilicito-religioso-pregar-que-homossexualismo-e-pecado\/\" target=\"_blank\" rel=\"noreferrer noopener\">&nbsp;criticou o decreto em suas redes sociais<\/a><\/strong>&nbsp;e disse que o governador \u201cfez o que nenhum esquerdopata teve coragem at\u00e9 hoje\u201d, referindo-se a proibi\u00e7\u00e3o de padres e pastores pregarem que \u201chomossexualismo \u00e9 pecado\u201d.<\/p>\n\n\n\n<p>O tema, que deve ser tratado na esferal nacional, j\u00e1 \u00e9 pauta do Congresso e do judici\u00e1rio. Em 2019, o Supremo Tribunal Federal (STF) come\u00e7ou a julgar a chamada \u201cpauta de costumes\u201d, ainda sem conclus\u00e3o. Na agenda de 2020, a corte deu prioridade aos temas penais e tribut\u00e1rios, deixando de fora os relacionados a costumes, que passam por quest\u00f5es vinculadas \u00e0 religi\u00e3o.<\/p>\n\n\n\n<p>O principal exemplo \u00e9 o recurso que discute a descriminaliza\u00e7\u00e3o do&nbsp;porte de drogas&nbsp;para consumo pessoal \u2014 assunto que estava previsto para 2019, mas foi adiado indefinidamente.<\/p>\n\n\n\n<p>O \u201cpacote\u201d no Supremo inclui ainda a\u00a0criminaliza\u00e7\u00e3o da homofobia, que come\u00e7ou a discutir o tema em antecipa\u00e7\u00e3o \u00e0 pauta no Congresso Nacional, onde a proposta sofre resist\u00eancia da bancada evang\u00e9lica.<\/p>\n\n\n\n<p>O grupo, composto por pastores de diferentes denomina\u00e7\u00f5es, afirma que a medida \u00e9 uma forma de proibir a prega\u00e7\u00e3o contra a homossexualidade em igrejas.<\/p>\n\n\n\n<p>De acordo com o governador, o decreto foi publicado sem a sua autoriza\u00e7\u00e3o. \u201cEu havia feito corre\u00e7\u00f5es no decreto que, por equ\u00edvoco, n\u00e3o foram publicadas. No decreto n\u00f3s somente vamos aplicar san\u00e7\u00f5es ap\u00f3s o julgamento da secretaria de Direitos Humanos conforme determina o artigo terceiro da Constitui\u00e7\u00e3o, que fala na proibi\u00e7\u00e3o da discrimina\u00e7\u00e3o de sexo, ra\u00e7a, cor, etnia, opini\u00e3o pol\u00edtica, op\u00e7\u00e3o religiosa. Somente nesses casos. Vamos fazer a retifica\u00e7\u00e3o. O decreto foi publicado com equ\u00edvoco, foi publicado sem minha autoriza\u00e7\u00e3o e ser\u00e1 republicado na semana que vem\u201d, disse.<\/p>\n\n\n\n<p>Segundo informa O Globo, o governo prometeu aos deputados que deve publicar um novo decreto com diversas mudan\u00e7as.<\/p>\n\n\n\n<p>O decreto regulamentou a Lei 7.041, de 2015, e \u201cestabelece penalidades administrativas aos estabelecimentos e agentes p\u00fablicos ou privados que discriminam pessoas por preconceito de sexo, identidade de g\u00eanero ou orienta\u00e7\u00e3o sexual\u201d.<\/p>\n\n\n\n<p>Segundo o texto do decreto, podem ser punidos \u201cestabelecimento p\u00fablico, comercial e industrial, entidades, representa\u00e7\u00f5es, associa\u00e7\u00f5es, funda\u00e7\u00f5es, sociedades civis ou de presta\u00e7\u00e3o de servi\u00e7os\u201d.<\/p>\n\n\n\n<p>A puni\u00e7\u00e3o pode ser advert\u00eancia, multa de R$ 19 mil a R$ 78,5 mil, suspens\u00e3o ou at\u00e9 a cassa\u00e7\u00e3o da inscri\u00e7\u00e3o estadual \u2014 exig\u00eancia para o funcionamento.<\/p>\n\n\n\n<p>A pol\u00eamica em torno do projeto aconteceu apesar de a lei deixar expresso que a norma n\u00e3o se aplica \u201c\u00e0s institui\u00e7\u00f5es religiosas\u201d.<\/p>\n\n\n\n<p>O texto ainda descreve diferentes tipos de discrimina\u00e7\u00e3o, como negar, impedir ou dificultar o acesso a espa\u00e7os como hospitais, hot\u00e9is, transporte p\u00fablico, entre outros.<\/p>\n\n\n\n<p>Em 2000, o Estado do Rio aprovou lei similar, mas que foi derrubada em 2013. Opositores alegaram que ela tinha \u201cv\u00edcio de iniciativa\u201d.<\/p>\n\n\n\n<p><strong>Fonte: Guia-me com informa\u00e7\u00f5es de O Globo<\/strong><ins><br>\n\n<\/ins><\/p>\n\n\n\n<p> <\/p>\n","protected":false},"excerpt":{"rendered":"<p>Ap\u00f3s press\u00e3o da bancada evang\u00e9lica, o governo do Rio de Janeiro retirou da Assembleia Legislativa o decreto de autoria do executivo cujo objetivo \u00e9 regulamentar uma lei estadual que prev\u00ea puni\u00e7\u00f5es a quem discriminar \u201cpessoas por preconceito de sexo, identidade de g\u00eanero ou orienta\u00e7\u00e3o sexual\u201d. De acordo com o grupo evang\u00e9lico, caso o projeto se [&hellip;]<\/p>\n","protected":false},"author":2,"featured_media":5026,"comment_status":"open","ping_status":"open","sticky":false,"template":"","format":"standard","meta":[],"categories":[5,4],"tags":[],"_links":{"self":[{"href":"https:\/\/dgospel.com.br\/portal\/index.php\/wp-json\/wp\/v2\/posts\/5025"}],"collection":[{"href":"https:\/\/dgospel.com.br\/portal\/index.php\/wp-json\/wp\/v2\/posts"}],"about":[{"href":"https:\/\/dgospel.com.br\/portal\/index.php\/wp-json\/wp\/v2\/types\/post"}],"author":[{"embeddable":true,"href":"https:\/\/dgospel.com.br\/portal\/index.php\/wp-json\/wp\/v2\/users\/2"}],"replies":[{"embeddable":true,"href":"https:\/\/dgospel.com.br\/portal\/index.php\/wp-json\/wp\/v2\/comments?post=5025"}],"version-history":[{"count":1,"href":"https:\/\/dgospel.com.br\/portal\/index.php\/wp-json\/wp\/v2\/posts\/5025\/revisions"}],"predecessor-version":[{"id":5027,"href":"https:\/\/dgospel.com.br\/portal\/index.php\/wp-json\/wp\/v2\/posts\/5025\/revisions\/5027"}],"wp:featuredmedia":[{"embeddable":true,"href":"https:\/\/dgospel.com.br\/portal\/index.php\/wp-json\/wp\/v2\/media\/5026"}],"wp:attachment":[{"href":"https:\/\/dgospel.com.br\/portal\/index.php\/wp-json\/wp\/v2\/media?parent=5025"}],"wp:term":[{"taxonomy":"category","embeddable":true,"href":"https:\/\/dgospel.com.br\/portal\/index.php\/wp-json\/wp\/v2\/categories?post=5025"},{"taxonomy":"post_tag","embeddable":true,"href":"https:\/\/dgospel.com.br\/portal\/index.php\/wp-json\/wp\/v2\/tags?post=5025"}],"curies":[{"name":"wp","href":"https:\/\/api.w.org\/{rel}","templated":true}]}}