{"id":5051,"date":"2020-03-05T10:21:30","date_gmt":"2020-03-05T13:21:30","guid":{"rendered":"http:\/\/dgospel.com.br\/portal\/?p=5051"},"modified":"2020-03-05T10:21:31","modified_gmt":"2020-03-05T13:21:31","slug":"aprovadas-materias-que-dispoem-sobre-contratacao-de-pessoal","status":"publish","type":"post","link":"https:\/\/dgospel.com.br\/portal\/index.php\/2020\/03\/05\/aprovadas-materias-que-dispoem-sobre-contratacao-de-pessoal\/","title":{"rendered":"Aprovadas mat\u00e9rias que disp\u00f5em sobre contrata\u00e7\u00e3o de pessoal"},"content":{"rendered":"\n<p>A contrata\u00e7\u00e3o de pessoal \u00e9 o assunto comum a tr\u00eas projetos aprovados pelos parlamentares na sess\u00e3o vespertina desta quarta-feira, 4. Eles foram propostos pelo Executivo, Tribunal de Justi\u00e7a e Assembleia Legislativa.<br><\/p>\n\n\n\n<p>Do Executivo, os deputados aprovaram a Medida Provis\u00f3ria n\u00ba 28\/2020 para, de acordo com o Governo, resolver entraves na contrata\u00e7\u00e3o de professores para a Unitins.<\/p>\n\n\n\n<p>\u201cA anterior contrata\u00e7\u00e3o chega a termo neste per\u00edodo, e os novos instrumentos carecem de integral previs\u00e3o na lei vigente\u201d, alegou o Governo do Estado.<\/p>\n\n\n\n<p>Outra mat\u00e9ria aprovada, de autoria do Tribunal de Justi\u00e7a, altera para 24 meses o prazo dos contratos tempor\u00e1rios \u2013 o prazo anterior era de seis a 12 meses.<\/p>\n\n\n\n<p>A Corte alega favorecer, assim, a continuidade da atividade, motiva\u00e7\u00e3o dos interessados, qualifica\u00e7\u00e3o dos candidatos, facilita\u00e7\u00e3o \u00e0 cultura organizacional e economia p\u00fablica.<\/p>\n\n\n\n<p>J\u00e1 o Legislativo estadual revogou a Resolu\u00e7\u00e3o n\u00ba 286\/2011, que disp\u00f5e sobre cargos de provimento em comiss\u00e3o da estrutura da Mesa Diretora, lideran\u00e7as, comiss\u00f5es permanentes e gabinetes de deputados.<\/p>\n","protected":false},"excerpt":{"rendered":"<p>A contrata\u00e7\u00e3o de pessoal \u00e9 o assunto comum a tr\u00eas projetos aprovados pelos parlamentares na sess\u00e3o vespertina desta quarta-feira, 4. Eles foram propostos pelo Executivo, Tribunal de Justi\u00e7a e Assembleia Legislativa. Do Executivo, os deputados aprovaram a Medida Provis\u00f3ria n\u00ba 28\/2020 para, de acordo com o Governo, resolver entraves na contrata\u00e7\u00e3o de professores para a [&hellip;]<\/p>\n","protected":false},"author":2,"featured_media":5052,"comment_status":"open","ping_status":"open","sticky":false,"template":"","format":"standard","meta":[],"categories":[8],"tags":[],"_links":{"self":[{"href":"https:\/\/dgospel.com.br\/portal\/index.php\/wp-json\/wp\/v2\/posts\/5051"}],"collection":[{"href":"https:\/\/dgospel.com.br\/portal\/index.php\/wp-json\/wp\/v2\/posts"}],"about":[{"href":"https:\/\/dgospel.com.br\/portal\/index.php\/wp-json\/wp\/v2\/types\/post"}],"author":[{"embeddable":true,"href":"https:\/\/dgospel.com.br\/portal\/index.php\/wp-json\/wp\/v2\/users\/2"}],"replies":[{"embeddable":true,"href":"https:\/\/dgospel.com.br\/portal\/index.php\/wp-json\/wp\/v2\/comments?post=5051"}],"version-history":[{"count":1,"href":"https:\/\/dgospel.com.br\/portal\/index.php\/wp-json\/wp\/v2\/posts\/5051\/revisions"}],"predecessor-version":[{"id":5053,"href":"https:\/\/dgospel.com.br\/portal\/index.php\/wp-json\/wp\/v2\/posts\/5051\/revisions\/5053"}],"wp:featuredmedia":[{"embeddable":true,"href":"https:\/\/dgospel.com.br\/portal\/index.php\/wp-json\/wp\/v2\/media\/5052"}],"wp:attachment":[{"href":"https:\/\/dgospel.com.br\/portal\/index.php\/wp-json\/wp\/v2\/media?parent=5051"}],"wp:term":[{"taxonomy":"category","embeddable":true,"href":"https:\/\/dgospel.com.br\/portal\/index.php\/wp-json\/wp\/v2\/categories?post=5051"},{"taxonomy":"post_tag","embeddable":true,"href":"https:\/\/dgospel.com.br\/portal\/index.php\/wp-json\/wp\/v2\/tags?post=5051"}],"curies":[{"name":"wp","href":"https:\/\/api.w.org\/{rel}","templated":true}]}}