{"id":5072,"date":"2020-03-09T19:59:28","date_gmt":"2020-03-09T22:59:28","guid":{"rendered":"http:\/\/dgospel.com.br\/portal\/?p=5072"},"modified":"2020-03-09T19:59:30","modified_gmt":"2020-03-09T22:59:30","slug":"conselho-politico-da-assembleia-de-deus-lanca-pre-candidatura-a-vereador-do-cantor-rubens-uchoa","status":"publish","type":"post","link":"https:\/\/dgospel.com.br\/portal\/index.php\/2020\/03\/09\/conselho-politico-da-assembleia-de-deus-lanca-pre-candidatura-a-vereador-do-cantor-rubens-uchoa\/","title":{"rendered":"Conselho Pol\u00edtico da Assembleia de Deus lan\u00e7a pr\u00e9-candidatura a vereador do cantor Rubens Uch\u00f4a"},"content":{"rendered":"\n<p>O Conselho Pol\u00edtico da Igreja Assembleia de Deus CIADSETA, Campo do Aureny IV, em Palmas, realizou no domingo, 08, durante um evento local, o lan\u00e7amento da pr\u00e9-candidatura a vereador do cantor Rubens Uch\u00f4a. Na oportunidade centenas de obreiros e membros da Igreja estavam presentes<\/p>\n\n\n\n<figure class=\"wp-block-image\"><img loading=\"lazy\" width=\"859\" height=\"859\" src=\"http:\/\/dgospel.com.br\/portal\/wp-content\/uploads\/2020\/03\/89547319_2493323964260969_4928072915976454144_n-1.jpg\" alt=\"\" class=\"wp-image-5074\" srcset=\"https:\/\/dgospel.com.br\/portal\/wp-content\/uploads\/2020\/03\/89547319_2493323964260969_4928072915976454144_n-1.jpg 859w, https:\/\/dgospel.com.br\/portal\/wp-content\/uploads\/2020\/03\/89547319_2493323964260969_4928072915976454144_n-1-150x150.jpg 150w, https:\/\/dgospel.com.br\/portal\/wp-content\/uploads\/2020\/03\/89547319_2493323964260969_4928072915976454144_n-1-300x300.jpg 300w, https:\/\/dgospel.com.br\/portal\/wp-content\/uploads\/2020\/03\/89547319_2493323964260969_4928072915976454144_n-1-768x768.jpg 768w\" sizes=\"(max-width: 859px) 100vw, 859px\" \/><\/figure>\n\n\n\n<p>.<\/p>\n\n\n\n<p>De acordo com o pastor Josivan\nGomes, presidente da Assembleia de Deus CIADSETA, Campo do Aureny IV, a escolha\ndo cantor Rubens Uch\u00f4a como pr\u00e9-candidato a vereador, \u00e9 porque, j\u00e1 era um desejo\nda grande maioria da membresia da igreja. \u201cMuitos irm\u00e3os j\u00e1 defendiam o nome do\ncantor Rubens Uch\u00f4a como pr\u00e9-candidato, e isso foi fundamental para o Conselho Pol\u00edtico\nentender que seria no momento o melhor nome para concorrer uma cadeira na C\u00e2mara\nMunicipal. Haja vista que o cantor Rubens \u00e9 uma pessoa bastante conhecida na\ncapital, e tem demonstrado uma pessoa de equil\u00edbrio na f\u00e9\u201d, disse.<\/p>\n\n\n\n<p>\u201cDepois de uma reuni\u00e3o o Conselho Pol\u00edtico definiu que seria vi\u00e1vel lan\u00e7ar um pr\u00e9-candidato a vereador que defenda os princ\u00edpios crist\u00e3os, que tenha compromisso com os valores \u00e9ticos e morais, que tenha a vida limpa diante da sociedade e da igreja\u201d, explicou o pastor Josivan Gomes.<\/p>\n\n\n\n<p><\/p>\n\n\n\n<figure class=\"wp-block-image\"><img loading=\"lazy\" width=\"964\" height=\"737\" src=\"http:\/\/dgospel.com.br\/portal\/wp-content\/uploads\/2020\/03\/25394612_1418951444897634_2730074835589114514_o.jpg\" alt=\"\" class=\"wp-image-5075\" srcset=\"https:\/\/dgospel.com.br\/portal\/wp-content\/uploads\/2020\/03\/25394612_1418951444897634_2730074835589114514_o.jpg 964w, https:\/\/dgospel.com.br\/portal\/wp-content\/uploads\/2020\/03\/25394612_1418951444897634_2730074835589114514_o-300x229.jpg 300w, https:\/\/dgospel.com.br\/portal\/wp-content\/uploads\/2020\/03\/25394612_1418951444897634_2730074835589114514_o-768x587.jpg 768w\" sizes=\"(max-width: 964px) 100vw, 964px\" \/><\/figure>\n\n\n\n<p>O Rubens Uch\u00f4a \u00e9 cantor evang\u00e9lico,\npresb\u00edtero da Igreja Assembleia de Deus CIADSETA, suplente de vereador. Nas elei\u00e7\u00f5es\nde 2016 obteve 878 votos, surpreendendo muitos outros candidatos.<\/p>\n","protected":false},"excerpt":{"rendered":"<p>O Conselho Pol\u00edtico da Igreja Assembleia de Deus CIADSETA, Campo do Aureny IV, em Palmas, realizou no domingo, 08, durante um evento local, o lan\u00e7amento da pr\u00e9-candidatura a vereador do cantor Rubens Uch\u00f4a. Na oportunidade centenas de obreiros e membros da Igreja estavam presentes . De acordo com o pastor Josivan Gomes, presidente da Assembleia [&hellip;]<\/p>\n","protected":false},"author":2,"featured_media":5073,"comment_status":"open","ping_status":"open","sticky":false,"template":"","format":"standard","meta":[],"categories":[4],"tags":[],"_links":{"self":[{"href":"https:\/\/dgospel.com.br\/portal\/index.php\/wp-json\/wp\/v2\/posts\/5072"}],"collection":[{"href":"https:\/\/dgospel.com.br\/portal\/index.php\/wp-json\/wp\/v2\/posts"}],"about":[{"href":"https:\/\/dgospel.com.br\/portal\/index.php\/wp-json\/wp\/v2\/types\/post"}],"author":[{"embeddable":true,"href":"https:\/\/dgospel.com.br\/portal\/index.php\/wp-json\/wp\/v2\/users\/2"}],"replies":[{"embeddable":true,"href":"https:\/\/dgospel.com.br\/portal\/index.php\/wp-json\/wp\/v2\/comments?post=5072"}],"version-history":[{"count":1,"href":"https:\/\/dgospel.com.br\/portal\/index.php\/wp-json\/wp\/v2\/posts\/5072\/revisions"}],"predecessor-version":[{"id":5076,"href":"https:\/\/dgospel.com.br\/portal\/index.php\/wp-json\/wp\/v2\/posts\/5072\/revisions\/5076"}],"wp:featuredmedia":[{"embeddable":true,"href":"https:\/\/dgospel.com.br\/portal\/index.php\/wp-json\/wp\/v2\/media\/5073"}],"wp:attachment":[{"href":"https:\/\/dgospel.com.br\/portal\/index.php\/wp-json\/wp\/v2\/media?parent=5072"}],"wp:term":[{"taxonomy":"category","embeddable":true,"href":"https:\/\/dgospel.com.br\/portal\/index.php\/wp-json\/wp\/v2\/categories?post=5072"},{"taxonomy":"post_tag","embeddable":true,"href":"https:\/\/dgospel.com.br\/portal\/index.php\/wp-json\/wp\/v2\/tags?post=5072"}],"curies":[{"name":"wp","href":"https:\/\/api.w.org\/{rel}","templated":true}]}}