{"id":5080,"date":"2020-03-11T23:37:01","date_gmt":"2020-03-12T02:37:01","guid":{"rendered":"http:\/\/dgospel.com.br\/portal\/?p=5080"},"modified":"2020-03-11T23:37:03","modified_gmt":"2020-03-12T02:37:03","slug":"psc-tocantins-promove-encontro-de-preparacao-de-pre-candidatos-para-eleicoes-2020","status":"publish","type":"post","link":"https:\/\/dgospel.com.br\/portal\/index.php\/2020\/03\/11\/psc-tocantins-promove-encontro-de-preparacao-de-pre-candidatos-para-eleicoes-2020\/","title":{"rendered":"PSC Tocantins promove encontro de prepara\u00e7\u00e3o de pr\u00e9-candidatos para elei\u00e7\u00f5es 2020"},"content":{"rendered":"\n<p>Com a inten\u00e7\u00e3o orientar e qualificar os pr\u00e9-candidatos do partido \u00e0 elei\u00e7\u00e3o deste ano, o Partido Social Crist\u00e3o (PSC) no Tocantins, comandado pelo deputado federal Osires Damaso, promove o \u201cEncontro Regional do PSC\u201d de prepara\u00e7\u00e3o para elei\u00e7\u00f5es 2020.<br><\/p>\n\n\n\n<p>O evento ser\u00e1 realizado nas diversas regi\u00f5es do Estado e destinado para aqueles filiados ao PSC que t\u00eam inten\u00e7\u00e3o de concorrer \u00e0 elei\u00e7\u00e3o deste ano como prefeito ou vereador. A primeira edi\u00e7\u00e3o do \u201cEncontro Regional do PSC\u201d acontece na pr\u00f3xima sexta-feira, 13, \u00e0s 8 horas, em Augustin\u00f3polis, e no s\u00e1bado, 14, em Aragua\u00edna, \u00e0s 8 horas.<\/p>\n\n\n\n<p>A iniciativa teve por base as mudan\u00e7as na rela\u00e7\u00e3o candidato-eleitor que foram desencadeadas no processo eleitoral de 2018. Segundo a presidente estadual do PSC, deputado federal Osires Damaso, os encontros ser\u00e3o de grande valia para os pr\u00e9-candidatos do partido se prepararem bem para a elei\u00e7\u00e3o, definindo suas metas diante dos novos cen\u00e1rios pol\u00edticos, sobretudo, pelas mudan\u00e7as das regras eleitorais.&nbsp;<\/p>\n\n\n\n<p>Damaso tamb\u00e9m pontuou os compromissos da legenda e a lisura exigida para as pr\u00f3ximas elei\u00e7\u00f5es. \u201cComo presidente do PSC no Estado, quero trabalhar para o fortalecimento da sigla, qualificando bem os nossos pr\u00e9-candidatos para participar da elei\u00e7\u00e3o e deixar o partido preparado do jeito que a Justi\u00e7a determina e a Legisla\u00e7\u00e3o exige\u201d, frisou.<\/p>\n\n\n\n<p><strong>Programa\u00e7\u00e3o<\/strong><\/p>\n\n\n\n<p>A programa\u00e7\u00e3o dos eventos inclu\u00ed palestras que mostrar\u00e3o algumas defini\u00e7\u00f5es sobre o que pode e o que n\u00e3o pode ser feito durante a pr\u00e9-campanha e as altera\u00e7\u00f5es na Legisla\u00e7\u00e3o Eleitoral para o pleito 2020. Os participantes tamb\u00e9m ser\u00e3o instru\u00eddos sobre contabilidade eleitoral, marketing e planejamento eleitoral e como usar as redes sociais durante a campanha.<\/p>\n\n\n\n<p><strong>Encontro Regional do PSC<\/strong><\/p>\n\n\n\n<p><strong>&nbsp;Augustin\u00f3polis<\/strong><\/p>\n\n\n\n<p>Data: 13\/03\/2020<\/p>\n\n\n\n<p>Hor\u00e1rio: 8 horas<\/p>\n\n\n\n<p>Local: Na quadra do Col\u00e9gio Estadual Manoel Vicente de Souza<\/p>\n\n\n\n<p><strong>Aragua\u00edna<\/strong><\/p>\n\n\n\n<p>Data: 14\/03\/2020<\/p>\n\n\n\n<p>Hor\u00e1rio: 8 horas<\/p>\n\n\n\n<p>Local: Audit\u00f3rio Pe. Remigio Corazza, do Col\u00e9gio Santa Cruz<\/p>\n\n\n\n<p>Os demais encontros ocorrer\u00e3o dentro das pr\u00f3ximas semanas, nos seguintes munic\u00edpios: Dian\u00f3polis, Gurupi, Para\u00edso e Palmas.<\/p>\n","protected":false},"excerpt":{"rendered":"<p>Com a inten\u00e7\u00e3o orientar e qualificar os pr\u00e9-candidatos do partido \u00e0 elei\u00e7\u00e3o deste ano, o Partido Social Crist\u00e3o (PSC) no Tocantins, comandado pelo deputado federal Osires Damaso, promove o \u201cEncontro Regional do PSC\u201d de prepara\u00e7\u00e3o para elei\u00e7\u00f5es 2020. O evento ser\u00e1 realizado nas diversas regi\u00f5es do Estado e destinado para aqueles filiados ao PSC que [&hellip;]<\/p>\n","protected":false},"author":2,"featured_media":5081,"comment_status":"open","ping_status":"open","sticky":false,"template":"","format":"standard","meta":[],"categories":[4],"tags":[],"_links":{"self":[{"href":"https:\/\/dgospel.com.br\/portal\/index.php\/wp-json\/wp\/v2\/posts\/5080"}],"collection":[{"href":"https:\/\/dgospel.com.br\/portal\/index.php\/wp-json\/wp\/v2\/posts"}],"about":[{"href":"https:\/\/dgospel.com.br\/portal\/index.php\/wp-json\/wp\/v2\/types\/post"}],"author":[{"embeddable":true,"href":"https:\/\/dgospel.com.br\/portal\/index.php\/wp-json\/wp\/v2\/users\/2"}],"replies":[{"embeddable":true,"href":"https:\/\/dgospel.com.br\/portal\/index.php\/wp-json\/wp\/v2\/comments?post=5080"}],"version-history":[{"count":1,"href":"https:\/\/dgospel.com.br\/portal\/index.php\/wp-json\/wp\/v2\/posts\/5080\/revisions"}],"predecessor-version":[{"id":5082,"href":"https:\/\/dgospel.com.br\/portal\/index.php\/wp-json\/wp\/v2\/posts\/5080\/revisions\/5082"}],"wp:featuredmedia":[{"embeddable":true,"href":"https:\/\/dgospel.com.br\/portal\/index.php\/wp-json\/wp\/v2\/media\/5081"}],"wp:attachment":[{"href":"https:\/\/dgospel.com.br\/portal\/index.php\/wp-json\/wp\/v2\/media?parent=5080"}],"wp:term":[{"taxonomy":"category","embeddable":true,"href":"https:\/\/dgospel.com.br\/portal\/index.php\/wp-json\/wp\/v2\/categories?post=5080"},{"taxonomy":"post_tag","embeddable":true,"href":"https:\/\/dgospel.com.br\/portal\/index.php\/wp-json\/wp\/v2\/tags?post=5080"}],"curies":[{"name":"wp","href":"https:\/\/api.w.org\/{rel}","templated":true}]}}