{"id":5089,"date":"2020-03-11T23:57:29","date_gmt":"2020-03-12T02:57:29","guid":{"rendered":"http:\/\/dgospel.com.br\/portal\/?p=5089"},"modified":"2020-03-11T23:57:30","modified_gmt":"2020-03-12T02:57:30","slug":"laudecy-coimbra-rebate-criticas-de-parlamentares-e-sai-em-defesa-da-gestao","status":"publish","type":"post","link":"https:\/\/dgospel.com.br\/portal\/index.php\/2020\/03\/11\/laudecy-coimbra-rebate-criticas-de-parlamentares-e-sai-em-defesa-da-gestao\/","title":{"rendered":"Laudecy Coimbra rebate cr\u00edticas de parlamentares e sai em defesa da gest\u00e3o"},"content":{"rendered":"\n<p>\n\nDurante sess\u00e3o ordin\u00e1ria de quarta-feira, 11, a vereadora Laudecy Coimbra (SD) contestou cr\u00edticas realizadas por parlamentares, na Casa de Leis, em rela\u00e7\u00e3o a gest\u00e3o da prefeita Cinthia Ribeiro na Capital.<\/p>\n\n\n\n<p>A vereadora lembra que neste ano eleitoral, as cr\u00edticas e debates ser\u00e3o mais intensos e invasivos, mas que todos devem primar pelo bom senso ao usar as palavras e que n\u00e3o se pode esquecer dos avan\u00e7os que Palmas conquistou nos \u00faltimos anos. &#8220;A arrecada\u00e7\u00e3o do munic\u00edpio aumentou nos \u00faltimos anos, mas proporcionalmente tamb\u00e9m aumentaram o n\u00famero de crian\u00e7as nas escolas, n\u00famero de atendimentos nas Unidades de Sa\u00fade, o que encarga ao aumento nas despesas tamb\u00e9m. N\u00e3o podemos fechar os olhos para as benfeitorias e olhar apenas o lado negativo\u201d, pontuou.<\/p>\n\n\n\n<p>Laudecy afirma que a prefeita tem compromisso com o cidad\u00e3o e com os servidores p\u00fablicos, ao resgatar os passivos atrasados vindo de outras gest\u00f5es. \u201cTudo o que Cinthia faz est\u00e1 no portal da transpar\u00eancia e todas as contas s\u00e3o prestadas no Tribunal de Contas. O munic\u00edpio tem despesas, como qualquer outro, mas temos conquistas como constru\u00e7\u00e3o de CMEIs com recursos pr\u00f3prios al\u00e9m de obras de infraestrutura pela Capital\u201d, argumentou a l\u00edder de governo.<\/p>\n\n\n\n<p>Com informa\u00e7\u00e3o  da Ascom Laudecy Coimbra\u00a0<br><\/p>\n","protected":false},"excerpt":{"rendered":"<p>Durante sess\u00e3o ordin\u00e1ria de quarta-feira, 11, a vereadora Laudecy Coimbra (SD) contestou cr\u00edticas realizadas por parlamentares, na Casa de Leis, em rela\u00e7\u00e3o a gest\u00e3o da prefeita Cinthia Ribeiro na Capital. A vereadora lembra que neste ano eleitoral, as cr\u00edticas e debates ser\u00e3o mais intensos e invasivos, mas que todos devem primar pelo bom senso ao [&hellip;]<\/p>\n","protected":false},"author":2,"featured_media":5090,"comment_status":"open","ping_status":"open","sticky":false,"template":"","format":"standard","meta":[],"categories":[4],"tags":[],"_links":{"self":[{"href":"https:\/\/dgospel.com.br\/portal\/index.php\/wp-json\/wp\/v2\/posts\/5089"}],"collection":[{"href":"https:\/\/dgospel.com.br\/portal\/index.php\/wp-json\/wp\/v2\/posts"}],"about":[{"href":"https:\/\/dgospel.com.br\/portal\/index.php\/wp-json\/wp\/v2\/types\/post"}],"author":[{"embeddable":true,"href":"https:\/\/dgospel.com.br\/portal\/index.php\/wp-json\/wp\/v2\/users\/2"}],"replies":[{"embeddable":true,"href":"https:\/\/dgospel.com.br\/portal\/index.php\/wp-json\/wp\/v2\/comments?post=5089"}],"version-history":[{"count":1,"href":"https:\/\/dgospel.com.br\/portal\/index.php\/wp-json\/wp\/v2\/posts\/5089\/revisions"}],"predecessor-version":[{"id":5091,"href":"https:\/\/dgospel.com.br\/portal\/index.php\/wp-json\/wp\/v2\/posts\/5089\/revisions\/5091"}],"wp:featuredmedia":[{"embeddable":true,"href":"https:\/\/dgospel.com.br\/portal\/index.php\/wp-json\/wp\/v2\/media\/5090"}],"wp:attachment":[{"href":"https:\/\/dgospel.com.br\/portal\/index.php\/wp-json\/wp\/v2\/media?parent=5089"}],"wp:term":[{"taxonomy":"category","embeddable":true,"href":"https:\/\/dgospel.com.br\/portal\/index.php\/wp-json\/wp\/v2\/categories?post=5089"},{"taxonomy":"post_tag","embeddable":true,"href":"https:\/\/dgospel.com.br\/portal\/index.php\/wp-json\/wp\/v2\/tags?post=5089"}],"curies":[{"name":"wp","href":"https:\/\/api.w.org\/{rel}","templated":true}]}}