{"id":509,"date":"2018-06-09T10:05:01","date_gmt":"2018-06-09T13:05:01","guid":{"rendered":"http:\/\/dgospel.com.br\/portal\/?p=509"},"modified":"2018-06-09T10:07:24","modified_gmt":"2018-06-09T13:07:24","slug":"jovem-e-sequestrada-na-entrada-de-igreja-santa-tereza-do-tocantins","status":"publish","type":"post","link":"https:\/\/dgospel.com.br\/portal\/index.php\/2018\/06\/09\/jovem-e-sequestrada-na-entrada-de-igreja-santa-tereza-do-tocantins\/","title":{"rendered":"Jovem \u00e9 sequestrada na entrada de igreja Santa Tereza do Tocantins e resgatada pela pol\u00edcia"},"content":{"rendered":"<p>Uma jovem de 20 anos foi sequestrada na noite desta sexta-feira (8) em Santa Tereza do Tocantins, na regi\u00e3o central do estado. Ela \u00e9 filha de um fazendeiro da regi\u00e3o e foi rendida por tr\u00eas homens no momento em que chegava a uma igreja para um culto. Ela foi resgatada horas depois pela Pol\u00edcia Civil, no momento em que seria feita a troca da v\u00edtima pelo dinheiro.<\/p>\n<p style=\"font-style: inherit; font-weight: inherit;\" data-track-category=\"Link no Texto\" data-track-links=\"\">Segundo o delegado Wanderson Chaves de Queiroz, que comandou a opera\u00e7\u00e3o de resgate, os criminosos pediram R$ 150 mil para o pai da v\u00edtima. A fam\u00edlia disse que n\u00e3o tinha o valor e negociou uma quantia menor. Eles combinaram de fazer a troca durante a madrugada na sa\u00edda de Palmas para o distrito de Taquaru\u00e7u.<\/p>\n<p style=\"font-style: inherit; font-weight: inherit;\" data-track-category=\"Link no Texto\" data-track-links=\"\">No momento em que os sequestradores chegaram ao local com a v\u00edtima, a pol\u00edcia interveio e conseguiu pegar a jovem. O dinheiro tamb\u00e9m foi recuperado. Para evitar um confronto, a Pol\u00edcia Civil informou que n\u00e3o iniciou a persegui\u00e7\u00e3o aos criminosos imediatamente, mas que j\u00e1 investiga o caso e tem suspeitos do crime.<\/p>\n<p style=\"font-style: inherit; font-weight: inherit;\" data-track-category=\"Link no Texto\" data-track-links=\"\">O caso vai ficar sob a responsabilidade da Delegacia Especializada em Investiga\u00e7\u00f5es Criminais (DEIC) da capital. A v\u00edtima est\u00e1 em casa e n\u00e3o teve ferimentos no sequestro. O cativeiro ainda n\u00e3o foi localizado.<\/p>\n<p data-track-category=\"Link no Texto\" data-track-links=\"\">Fonte:\u00a0G1 Tocantins<\/p>\n<p>&nbsp;<\/p>\n","protected":false},"excerpt":{"rendered":"<p>Uma jovem de 20 anos foi sequestrada na noite desta sexta-feira (8) em Santa Tereza do Tocantins, na regi\u00e3o central do estado. Ela \u00e9 filha de um fazendeiro da regi\u00e3o e foi rendida por tr\u00eas homens no momento em que chegava a uma igreja para um culto. Ela foi resgatada horas depois pela Pol\u00edcia Civil, [&hellip;]<\/p>\n","protected":false},"author":2,"featured_media":510,"comment_status":"open","ping_status":"open","sticky":false,"template":"","format":"standard","meta":[],"categories":[2,3],"tags":[],"_links":{"self":[{"href":"https:\/\/dgospel.com.br\/portal\/index.php\/wp-json\/wp\/v2\/posts\/509"}],"collection":[{"href":"https:\/\/dgospel.com.br\/portal\/index.php\/wp-json\/wp\/v2\/posts"}],"about":[{"href":"https:\/\/dgospel.com.br\/portal\/index.php\/wp-json\/wp\/v2\/types\/post"}],"author":[{"embeddable":true,"href":"https:\/\/dgospel.com.br\/portal\/index.php\/wp-json\/wp\/v2\/users\/2"}],"replies":[{"embeddable":true,"href":"https:\/\/dgospel.com.br\/portal\/index.php\/wp-json\/wp\/v2\/comments?post=509"}],"version-history":[{"count":3,"href":"https:\/\/dgospel.com.br\/portal\/index.php\/wp-json\/wp\/v2\/posts\/509\/revisions"}],"predecessor-version":[{"id":514,"href":"https:\/\/dgospel.com.br\/portal\/index.php\/wp-json\/wp\/v2\/posts\/509\/revisions\/514"}],"wp:featuredmedia":[{"embeddable":true,"href":"https:\/\/dgospel.com.br\/portal\/index.php\/wp-json\/wp\/v2\/media\/510"}],"wp:attachment":[{"href":"https:\/\/dgospel.com.br\/portal\/index.php\/wp-json\/wp\/v2\/media?parent=509"}],"wp:term":[{"taxonomy":"category","embeddable":true,"href":"https:\/\/dgospel.com.br\/portal\/index.php\/wp-json\/wp\/v2\/categories?post=509"},{"taxonomy":"post_tag","embeddable":true,"href":"https:\/\/dgospel.com.br\/portal\/index.php\/wp-json\/wp\/v2\/tags?post=509"}],"curies":[{"name":"wp","href":"https:\/\/api.w.org\/{rel}","templated":true}]}}