{"id":51,"date":"2018-05-10T08:54:41","date_gmt":"2018-05-10T11:54:41","guid":{"rendered":"http:\/\/dgospel.com.br\/portal\/?p=51"},"modified":"2018-05-10T08:54:41","modified_gmt":"2018-05-10T11:54:41","slug":"estado-afirma-que-nomeacoes-de-aprovados-em-concurso-da-pc-podem-sair-ate-sexta-feira","status":"publish","type":"post","link":"https:\/\/dgospel.com.br\/portal\/index.php\/2018\/05\/10\/estado-afirma-que-nomeacoes-de-aprovados-em-concurso-da-pc-podem-sair-ate-sexta-feira\/","title":{"rendered":"Estado afirma que nomea\u00e7\u00f5es de aprovados em concurso da PC podem sair at\u00e9 sexta-feira"},"content":{"rendered":"<div>A Comiss\u00e3o dos Candidatos Aprovados no concurso da Pol\u00edcia Civil se reuniu com o novo secret\u00e1rio de Seguran\u00e7a P\u00fablica do Estado, Deusiano Pereira de Amorim, na tarde desta quarta-feira, 09, para discutir as 156 convoca\u00e7\u00f5es remanescentes do certame realizado pelo governo estadual ainda em 2014.<\/div>\n<div><\/div>\n<div>Na reuni\u00e3o, o gestor afirmou que est\u00e1 sendo realizado um levantamento financeiro atrav\u00e9s da Secretaria de Planejamento desde a semana passada. Diante disso, ele ressaltou que a inten\u00e7\u00e3o do governo \u00e9 que todos os candidatos que est\u00e3o aguardando sejam nomeados at\u00e9 a pr\u00f3xima sexta, 11.<\/div>\n<div><\/div>\n<div>O secret\u00e1rio ainda garantiu, durante o encontro, que est\u00e1 se esfor\u00e7ando para convocar os remanescentes e refor\u00e7ou que a posse dos aprovados \u00e9 de interesse da gest\u00e3o do governador Mauro Carlesse (PHS).<\/div>\n<div><\/div>\n<div>\u00a0No momento ainda faltam ser convocados 37 peritos, 40 delegados e 78 escriv\u00e3es. Todos os aprovados j\u00e1 fizeram o curso da forma\u00e7\u00e3o na Academia de Pol\u00edcia e est\u00e3o preparados para serem empossados.<\/div>\n<div><\/div>\n<div>\u00a0Dieverson Reis, candidato aprovado para o cargo de perito criminal e membro da comiss\u00e3o,\u00a0 acredita que o certame, j\u00e1 perdura por quatro anos, est\u00e1 chegando ao cap\u00edtulo final.<\/div>\n<div><\/div>\n<div>&#8220;Em prol de todo o investimento que j\u00e1 foi feito neste concurso e, principalmente, na Seguran\u00e7a P\u00fablica do Estado, queremos ser convocados. Esperamos que a nomea\u00e7\u00e3o de todos seja confirmada, lembrando que estamos empenhados e\u00a0 prontos para prestar servi\u00e7o \u00e0 seguran\u00e7a p\u00fablica estadual&#8221;, afirmou.<\/div>\n<div><\/div>\n<div>Na ocasi\u00e3o, os aprovados tamb\u00e9m discutiram\u00a0 assuntos estruturais da Pol\u00edcia Civil, como o d\u00e9ficit do efetivo na corpora\u00e7\u00e3o.<\/div>\n<div><\/div>\n<div>Lei<\/div>\n<div>A comiss\u00e3o tamb\u00e9m destaca que a Lei de Diretrizes Or\u00e7ament\u00e1rias (LDO) de 2018 prev\u00ea um artigo que destina recursos espec\u00edficos para a finaliza\u00e7\u00e3o de fases finais concursos e contrata\u00e7\u00e3o de membros do cadastro de reserva. Por isso, os representantes do certame alegam injusti\u00e7a na tramita\u00e7\u00e3o final do processo seletivo.<\/div>\n","protected":false},"excerpt":{"rendered":"<p>A Comiss\u00e3o dos Candidatos Aprovados no concurso da Pol\u00edcia Civil se reuniu com o novo secret\u00e1rio de Seguran\u00e7a P\u00fablica do Estado, Deusiano Pereira de Amorim, na tarde desta quarta-feira, 09, para discutir as 156 convoca\u00e7\u00f5es remanescentes do certame realizado pelo governo estadual ainda em 2014. Na reuni\u00e3o, o gestor afirmou que est\u00e1 sendo realizado um [&hellip;]<\/p>\n","protected":false},"author":2,"featured_media":52,"comment_status":"open","ping_status":"open","sticky":false,"template":"","format":"standard","meta":[],"categories":[2,3],"tags":[],"_links":{"self":[{"href":"https:\/\/dgospel.com.br\/portal\/index.php\/wp-json\/wp\/v2\/posts\/51"}],"collection":[{"href":"https:\/\/dgospel.com.br\/portal\/index.php\/wp-json\/wp\/v2\/posts"}],"about":[{"href":"https:\/\/dgospel.com.br\/portal\/index.php\/wp-json\/wp\/v2\/types\/post"}],"author":[{"embeddable":true,"href":"https:\/\/dgospel.com.br\/portal\/index.php\/wp-json\/wp\/v2\/users\/2"}],"replies":[{"embeddable":true,"href":"https:\/\/dgospel.com.br\/portal\/index.php\/wp-json\/wp\/v2\/comments?post=51"}],"version-history":[{"count":1,"href":"https:\/\/dgospel.com.br\/portal\/index.php\/wp-json\/wp\/v2\/posts\/51\/revisions"}],"predecessor-version":[{"id":53,"href":"https:\/\/dgospel.com.br\/portal\/index.php\/wp-json\/wp\/v2\/posts\/51\/revisions\/53"}],"wp:featuredmedia":[{"embeddable":true,"href":"https:\/\/dgospel.com.br\/portal\/index.php\/wp-json\/wp\/v2\/media\/52"}],"wp:attachment":[{"href":"https:\/\/dgospel.com.br\/portal\/index.php\/wp-json\/wp\/v2\/media?parent=51"}],"wp:term":[{"taxonomy":"category","embeddable":true,"href":"https:\/\/dgospel.com.br\/portal\/index.php\/wp-json\/wp\/v2\/categories?post=51"},{"taxonomy":"post_tag","embeddable":true,"href":"https:\/\/dgospel.com.br\/portal\/index.php\/wp-json\/wp\/v2\/tags?post=51"}],"curies":[{"name":"wp","href":"https:\/\/api.w.org\/{rel}","templated":true}]}}