{"id":5102,"date":"2020-03-12T11:21:08","date_gmt":"2020-03-12T14:21:08","guid":{"rendered":"http:\/\/dgospel.com.br\/portal\/?p=5102"},"modified":"2020-03-12T11:21:10","modified_gmt":"2020-03-12T14:21:10","slug":"igreja-que-fica-no-local-onde-nasceu-jesus-e-interditada-por-causa-do-coronavirus","status":"publish","type":"post","link":"https:\/\/dgospel.com.br\/portal\/index.php\/2020\/03\/12\/igreja-que-fica-no-local-onde-nasceu-jesus-e-interditada-por-causa-do-coronavirus\/","title":{"rendered":"Igreja que fica no local onde nasceu Jesus \u00e9 interditada por causa do coronav\u00edrus"},"content":{"rendered":"\n<p>A dissemina\u00e7\u00e3o do novo coronav\u00edrus em v\u00e1rios pa\u00edses do mundo elevou o receio de contamina\u00e7\u00e3o nos locais de maior aglomera\u00e7\u00e3o de pessoas. Igrejas, est\u00e1dios, escolas e universidades, por exemplo, se tornaram alvos de preocupa\u00e7\u00e3o, incluindo o templo onde segundo a hist\u00f3ria crist\u00e3 Jesus nasceu, &nbsp;a Igreja da Natividade, em Bel\u00e9m.<\/p>\n\n\n\n<p>Por causa da necessidade de preven\u00e7\u00e3o contra o coronav\u00edrus, autoridades da Palestina resolveram interditar a Igreja da Natividade, constru\u00edda h\u00e1 quase 1.700 anos, para visita\u00e7\u00f5es na \u00faltima quinta-feira (05), especialmente ap\u00f3s a confirma\u00e7\u00e3o de sete casos na cidade.<\/p>\n\n\n\n<p>Nesta quarta-feira (11), a Organiza\u00e7\u00e3o Mundial de Sa\u00fade decretou estado de pandemia mundial do coronav\u00edrus, alertando os pa\u00edses para a necessidade de estabelecerem novas pol\u00edticas de conten\u00e7\u00e3o do v\u00edrus.<\/p>\n\n\n\n<p>\u201cA OMS tem tratado da dissemina\u00e7\u00e3o [do Covid-19] em uma escala de tempo muito curta, e estamos muito preocupados com os n\u00edveis alarmantes de contamina\u00e7\u00e3o e, tamb\u00e9m, de falta de a\u00e7\u00e3o [dos governos]\u201d, afirmou o diretor-geral da OMS, Tedros Adhanom, segundo informa\u00e7\u00f5es da\u00a0<a href=\"https:\/\/agenciabrasil.ebc.com.br\/geral\/noticia\/2020-03\/organizacao-mundial-da-saude-declara-pandemia-de-coronavirus\">Ag\u00eancia Brasil<\/a>.<\/p>\n\n\n\n<p>\u201cPor essa raz\u00e3o, consideramos que o Covid-19 pode ser caracterizado como uma pandemia\u201d, disse ele durante a confer\u00eancia de imprensa em Genebra.<\/p>\n\n\n\n<h2>Coronav\u00edrus no Brasil<\/h2>\n\n\n\n<p>Ap\u00f3s o an\u00fancio da OMS, o Minist\u00e9rio da Sa\u00fade do Brasil fez uma coletiva de imprensa na tarde de hoje para atualizar os dados de monitoramento do coronav\u00edrus no Brasil, revelando que j\u00e1 existem 52 casos confirmados e 907 suspeitos, segundo a&nbsp;<a href=\"https:\/\/exame.abril.com.br\/brasil\/ministerio-da-saude-atualiza-para-37-os-casos-de-coronavirus-no-brasil\/\">Exame<\/a>.<\/p>\n\n\n\n<p>O ministro Luiz Henrique Mandetta afirmou que o governo deve liberar R$ 5 bilh\u00f5es, via emendas feitas ao Or\u00e7amento para refor\u00e7ar medidas de enfrentamento ao v\u00edrus.<\/p>\n\n\n\n<p>O ministro da Educa\u00e7\u00e3o, Abraham Weintraub, afirmou na ocasi\u00e3o que o Minist\u00e9rio da Educa\u00e7\u00e3o poder\u00e1 tomar algumas medidas, tais como adiantar per\u00edodo de f\u00e9rias e at\u00e9 mesmo autorizar aulas \u00e0 dist\u00e2ncia, por meios digitais. \u201cVoc\u00ea manda as aulas para os alunos, disponibiliza e-mail, YouTube, Skype\u201d, exemplificou o ministro.AN\u00daNCIO<\/p>\n\n\n\n\n\n<p>Como resultado do an\u00fancio feito hoje pela OMS, bolsas em todo o mundo sentiram o impacto na economia. No Brasil, a Ibovespa atingiu a queda de 10,11% a 82.887,24 pontos, precisando interromper suas negocia\u00e7\u00f5es por 30 minutos como medida de seguran\u00e7a, informou a\u00a0<a href=\"https:\/\/agenciabrasil.ebc.com.br\/economia\/noticia\/2020-03\/bolsa-de-valores-desaba-10-e-tem-2o-circuit-breaker-na-semana\">EBC<\/a>.<\/p>\n\n\n\n<p>Fonte: gospelmais<\/p>\n","protected":false},"excerpt":{"rendered":"<p>A dissemina\u00e7\u00e3o do novo coronav\u00edrus em v\u00e1rios pa\u00edses do mundo elevou o receio de contamina\u00e7\u00e3o nos locais de maior aglomera\u00e7\u00e3o de pessoas. Igrejas, est\u00e1dios, escolas e universidades, por exemplo, se tornaram alvos de preocupa\u00e7\u00e3o, incluindo o templo onde segundo a hist\u00f3ria crist\u00e3 Jesus nasceu, &nbsp;a Igreja da Natividade, em Bel\u00e9m. Por causa da necessidade de [&hellip;]<\/p>\n","protected":false},"author":2,"featured_media":5103,"comment_status":"open","ping_status":"open","sticky":false,"template":"","format":"standard","meta":[],"categories":[5,1],"tags":[],"_links":{"self":[{"href":"https:\/\/dgospel.com.br\/portal\/index.php\/wp-json\/wp\/v2\/posts\/5102"}],"collection":[{"href":"https:\/\/dgospel.com.br\/portal\/index.php\/wp-json\/wp\/v2\/posts"}],"about":[{"href":"https:\/\/dgospel.com.br\/portal\/index.php\/wp-json\/wp\/v2\/types\/post"}],"author":[{"embeddable":true,"href":"https:\/\/dgospel.com.br\/portal\/index.php\/wp-json\/wp\/v2\/users\/2"}],"replies":[{"embeddable":true,"href":"https:\/\/dgospel.com.br\/portal\/index.php\/wp-json\/wp\/v2\/comments?post=5102"}],"version-history":[{"count":1,"href":"https:\/\/dgospel.com.br\/portal\/index.php\/wp-json\/wp\/v2\/posts\/5102\/revisions"}],"predecessor-version":[{"id":5104,"href":"https:\/\/dgospel.com.br\/portal\/index.php\/wp-json\/wp\/v2\/posts\/5102\/revisions\/5104"}],"wp:featuredmedia":[{"embeddable":true,"href":"https:\/\/dgospel.com.br\/portal\/index.php\/wp-json\/wp\/v2\/media\/5103"}],"wp:attachment":[{"href":"https:\/\/dgospel.com.br\/portal\/index.php\/wp-json\/wp\/v2\/media?parent=5102"}],"wp:term":[{"taxonomy":"category","embeddable":true,"href":"https:\/\/dgospel.com.br\/portal\/index.php\/wp-json\/wp\/v2\/categories?post=5102"},{"taxonomy":"post_tag","embeddable":true,"href":"https:\/\/dgospel.com.br\/portal\/index.php\/wp-json\/wp\/v2\/tags?post=5102"}],"curies":[{"name":"wp","href":"https:\/\/api.w.org\/{rel}","templated":true}]}}