{"id":5111,"date":"2020-03-16T13:29:36","date_gmt":"2020-03-16T16:29:36","guid":{"rendered":"http:\/\/dgospel.com.br\/portal\/?p=5111"},"modified":"2020-03-16T13:29:38","modified_gmt":"2020-03-16T16:29:38","slug":"palmas-decreta-situacao-de-emergencia-em-saude-publica","status":"publish","type":"post","link":"https:\/\/dgospel.com.br\/portal\/index.php\/2020\/03\/16\/palmas-decreta-situacao-de-emergencia-em-saude-publica\/","title":{"rendered":"Palmas decreta situa\u00e7\u00e3o de emerg\u00eancia em sa\u00fade p\u00fablica"},"content":{"rendered":"\n<p>A prefeita Cinthia Ribeiro decretou no final da tarde deste s\u00e1bado, 14, situa\u00e7\u00e3o de emerg\u00eancia em sa\u00fade p\u00fablica no Munic\u00edpio de Palmas, em resposta \u00e0s medidas de enfrentamento \u00e0 pandemia provocada pelo novo coronav\u00edrus (Covid-19). O Decreto foi publicado no Di\u00e1rio Oficial do Munic\u00edpio \u00e0s 20h42, de hoje.<br><\/p>\n\n\n\n<p><strong>Suspens\u00e3o de eventos e aulas<\/strong><\/p>\n\n\n\n<p>O Decreto estabelece que a partir deste s\u00e1bado, 14, ficam suspensos os eventos em locais de concentra\u00e7\u00e3o de massa, inclusive \u00e0queles j\u00e1 autorizados pelo Munic\u00edpio. A medida tamb\u00e9m suspende as aulas na rede p\u00fablica municipal e as atividades do Centro de Criatividade da Funda\u00e7\u00e3o Cultural de Palmas, as aulas e apresenta\u00e7\u00f5es da Orquestra e Coral Jovem da Guarda Metropolitana, medidas que podem ser reavaliadas a qualquer momento.<\/p>\n\n\n\n<p>\u201cEmbora Palmas n\u00e3o tenha nenhum caso de contamina\u00e7\u00e3o confirmado pelo novo coronav\u00edrus, a medida tem car\u00e1ter cautelar e \u00e9 mais uma estrat\u00e9gia para conter a dissemina\u00e7\u00e3o da doen\u00e7a, que \u00e9 infecciosa e transmitida pela via respirat\u00f3ria\u201d, explicou o secret\u00e1rio Municipal da Sa\u00fade, Daniel Borini Zemuner.<\/p>\n\n\n\n<p>At\u00e9 este momento, Palmas tem dois casos suspeitos notificados ao Minist\u00e9rio da Sa\u00fade e quatro suspeitos, em monitoramento.<\/p>\n\n\n\n<p><strong>COE \u00e9 ativado<\/strong><\/p>\n\n\n\n<p>A Prefeita tamb\u00e9m ativou o Centro de Opera\u00e7\u00f5es de Emerg\u00eancia em Sa\u00fade (COE-Palmas Covid-19), que \u00e9 coordenado pela Secretaria Municipal de Sa\u00fade, para monitoramento da emerg\u00eancia em sa\u00fade p\u00fablica declarada e que j\u00e1 realizou sua primeira reuni\u00e3o na tarde deste s\u00e1bado.&nbsp;<\/p>\n\n\n\n<p>O COE \u00e9 uma estrat\u00e9gia prevista nos protocolos do Minist\u00e9rio da Sa\u00fade e \u00e9 ativado pelos entes p\u00fablicos em situa\u00e7\u00f5es de emerg\u00eancia. \u00c9 compet\u00eancia do COE-Palmas Covid-19, modificar ou alterar medidas referentes ao enfrentamento da prolifera\u00e7\u00e3o do novo coronav\u00edrus, de acordo com a evolu\u00e7\u00e3o do cen\u00e1rio epidemiol\u00f3gico.<\/p>\n\n\n\n<p><strong>Plano de Conting\u00eancia<\/strong><\/p>\n\n\n\n<p>Desde o \u00faltimo dia 28 de janeiro, o Munic\u00edpio de Palmas est\u00e1 com seu Plano de Conting\u00eancia montado, o que significa que a Rede Municipal de Sa\u00fade est\u00e1 apta a executar o fluxo e processos de trabalho relacionado ao novo coronav\u00edrus, caso haja necessidade. Desde essa data, todas unidades municipais de sa\u00fade &#8211; Centros de Sa\u00fade da Comunidade (CSCs) e Unidades de Pronto Atendimento (UPAs) &#8211; s\u00e3o portas de entrada para qualquer atendimento relacionado ao novo coronav\u00edrus, com isolamento e protocolo espec\u00edfico, conforme preconiza o Minist\u00e9rio da Sa\u00fade.<\/p>\n\n\n\n<p><strong>Idosos<\/strong><\/p>\n\n\n\n<p>Por se tratar de um p\u00fablico com bases epidemiol\u00f3gicas e faixa et\u00e1ria mais suscet\u00edvel, a Secretaria Municipal de Desenvolvimento Social, em conjunto com a Semus, suspenderam na \u00faltima sexta-feira, 13, as atividades do Parque da Pessoa Idosa pelos pr\u00f3ximos 15 dias.<\/p>\n\n\n\n<p><strong>Monitoramento<\/strong><\/p>\n\n\n\n<p>Al\u00e9m de monitorar todos os casos suspeitos, a Semus est\u00e1 acompanhando permanentemente o quadro epidemiol\u00f3gico de Palmas, e se houver necessidade, as medidas e o protocolo ser\u00e3o revistos a qualquer momento.<\/p>\n\n\n\n<p><strong>Vig\u00eancia<\/strong><\/p>\n\n\n\n<p>O decreto se manter\u00e1 at\u00e9 que o estado de emerg\u00eancia causado pelo novo coronav\u00edrus (Covid-19) perdure, podendo sofrer altera\u00e7\u00f5es de acordo com a evolu\u00e7\u00e3o do cen\u00e1rio epidemiol\u00f3gico.<\/p>\n","protected":false},"excerpt":{"rendered":"<p>A prefeita Cinthia Ribeiro decretou no final da tarde deste s\u00e1bado, 14, situa\u00e7\u00e3o de emerg\u00eancia em sa\u00fade p\u00fablica no Munic\u00edpio de Palmas, em resposta \u00e0s medidas de enfrentamento \u00e0 pandemia provocada pelo novo coronav\u00edrus (Covid-19). O Decreto foi publicado no Di\u00e1rio Oficial do Munic\u00edpio \u00e0s 20h42, de hoje. Suspens\u00e3o de eventos e aulas O Decreto [&hellip;]<\/p>\n","protected":false},"author":2,"featured_media":5112,"comment_status":"open","ping_status":"open","sticky":false,"template":"","format":"standard","meta":[],"categories":[3],"tags":[],"_links":{"self":[{"href":"https:\/\/dgospel.com.br\/portal\/index.php\/wp-json\/wp\/v2\/posts\/5111"}],"collection":[{"href":"https:\/\/dgospel.com.br\/portal\/index.php\/wp-json\/wp\/v2\/posts"}],"about":[{"href":"https:\/\/dgospel.com.br\/portal\/index.php\/wp-json\/wp\/v2\/types\/post"}],"author":[{"embeddable":true,"href":"https:\/\/dgospel.com.br\/portal\/index.php\/wp-json\/wp\/v2\/users\/2"}],"replies":[{"embeddable":true,"href":"https:\/\/dgospel.com.br\/portal\/index.php\/wp-json\/wp\/v2\/comments?post=5111"}],"version-history":[{"count":1,"href":"https:\/\/dgospel.com.br\/portal\/index.php\/wp-json\/wp\/v2\/posts\/5111\/revisions"}],"predecessor-version":[{"id":5113,"href":"https:\/\/dgospel.com.br\/portal\/index.php\/wp-json\/wp\/v2\/posts\/5111\/revisions\/5113"}],"wp:featuredmedia":[{"embeddable":true,"href":"https:\/\/dgospel.com.br\/portal\/index.php\/wp-json\/wp\/v2\/media\/5112"}],"wp:attachment":[{"href":"https:\/\/dgospel.com.br\/portal\/index.php\/wp-json\/wp\/v2\/media?parent=5111"}],"wp:term":[{"taxonomy":"category","embeddable":true,"href":"https:\/\/dgospel.com.br\/portal\/index.php\/wp-json\/wp\/v2\/categories?post=5111"},{"taxonomy":"post_tag","embeddable":true,"href":"https:\/\/dgospel.com.br\/portal\/index.php\/wp-json\/wp\/v2\/tags?post=5111"}],"curies":[{"name":"wp","href":"https:\/\/api.w.org\/{rel}","templated":true}]}}