{"id":5117,"date":"2020-03-16T13:36:15","date_gmt":"2020-03-16T16:36:15","guid":{"rendered":"http:\/\/dgospel.com.br\/portal\/?p=5117"},"modified":"2020-03-16T13:36:17","modified_gmt":"2020-03-16T16:36:17","slug":"prefeitura-suspende-atendimento-presencial-de-emissao-de-documentos-nas-unidades-do-resolve-palmas","status":"publish","type":"post","link":"https:\/\/dgospel.com.br\/portal\/index.php\/2020\/03\/16\/prefeitura-suspende-atendimento-presencial-de-emissao-de-documentos-nas-unidades-do-resolve-palmas\/","title":{"rendered":"Prefeitura suspende atendimento presencial de emiss\u00e3o de documentos nas Unidades do Resolve Palmas"},"content":{"rendered":"\n<p>A Prefeitura de Palmas comunica que as Unidades do Resolve Palmas estar\u00e3o atendendo nesta segunda-feira, 16, a partir das 10 horas, para adequa\u00e7\u00e3o de medidas preventivas contra o Covid-19.&nbsp;&nbsp;Dentre as medidas adotadas est\u00e1 a suspens\u00e3o do atendimento presencial de emiss\u00e3o de documentos.<br><\/p>\n\n\n\n<p>Os usu\u00e1rios poder\u00e3o utilizar o servi\u00e7o on-line no site do Resolve Palmas para a emiss\u00e3o de documentos, boletos, certid\u00f5es, extratos de d\u00e9bitos, renova\u00e7\u00e3o de alvar\u00e1s, carn\u00eas de IPTU e segunda via de contas, dentre outras. Para cada atendimento, o contribuinte pode conferir a&nbsp;<a rel=\"noreferrer noopener\" target=\"_blank\" href=\"http:\/\/resolve.palmas.to.gov.br\/\">p\u00e1gina eletr\u00f4nica<\/a>.&nbsp;<\/p>\n\n\n\n<p><strong>Resolve Palmas Servi\u00e7os<\/strong><\/p>\n\n\n\n<p>O Resolve Palmas al\u00e9m de concentrar servi\u00e7os municipais como, emiss\u00e3o de boletos, de Certid\u00e3o Im\u00f3vel Rural, de Habite-se, extrato de d\u00e9bitos, renova\u00e7\u00e3o de Alvar\u00e1 Sanit\u00e1rio, 2\u00aa via de Alvar\u00e1 de Constru\u00e7\u00e3o, Alvar\u00e1 de Demoli\u00e7\u00e3o, entre outros servi\u00e7os, tamb\u00e9m garante atendimento de institui\u00e7\u00f5es parceiras como Ex\u00e9rcito Brasileiro (Junta Militar), o Sindicato das Empresas de Transportes Coletivo de Palmas (Seturb), a BRK Ambiental, o Sebrae Tocantins, a Receita Federal, e agora o INSS.<\/p>\n","protected":false},"excerpt":{"rendered":"<p>A Prefeitura de Palmas comunica que as Unidades do Resolve Palmas estar\u00e3o atendendo nesta segunda-feira, 16, a partir das 10 horas, para adequa\u00e7\u00e3o de medidas preventivas contra o Covid-19.&nbsp;&nbsp;Dentre as medidas adotadas est\u00e1 a suspens\u00e3o do atendimento presencial de emiss\u00e3o de documentos. Os usu\u00e1rios poder\u00e3o utilizar o servi\u00e7o on-line no site do Resolve Palmas para [&hellip;]<\/p>\n","protected":false},"author":2,"featured_media":5118,"comment_status":"open","ping_status":"open","sticky":false,"template":"","format":"standard","meta":[],"categories":[3],"tags":[],"_links":{"self":[{"href":"https:\/\/dgospel.com.br\/portal\/index.php\/wp-json\/wp\/v2\/posts\/5117"}],"collection":[{"href":"https:\/\/dgospel.com.br\/portal\/index.php\/wp-json\/wp\/v2\/posts"}],"about":[{"href":"https:\/\/dgospel.com.br\/portal\/index.php\/wp-json\/wp\/v2\/types\/post"}],"author":[{"embeddable":true,"href":"https:\/\/dgospel.com.br\/portal\/index.php\/wp-json\/wp\/v2\/users\/2"}],"replies":[{"embeddable":true,"href":"https:\/\/dgospel.com.br\/portal\/index.php\/wp-json\/wp\/v2\/comments?post=5117"}],"version-history":[{"count":1,"href":"https:\/\/dgospel.com.br\/portal\/index.php\/wp-json\/wp\/v2\/posts\/5117\/revisions"}],"predecessor-version":[{"id":5119,"href":"https:\/\/dgospel.com.br\/portal\/index.php\/wp-json\/wp\/v2\/posts\/5117\/revisions\/5119"}],"wp:featuredmedia":[{"embeddable":true,"href":"https:\/\/dgospel.com.br\/portal\/index.php\/wp-json\/wp\/v2\/media\/5118"}],"wp:attachment":[{"href":"https:\/\/dgospel.com.br\/portal\/index.php\/wp-json\/wp\/v2\/media?parent=5117"}],"wp:term":[{"taxonomy":"category","embeddable":true,"href":"https:\/\/dgospel.com.br\/portal\/index.php\/wp-json\/wp\/v2\/categories?post=5117"},{"taxonomy":"post_tag","embeddable":true,"href":"https:\/\/dgospel.com.br\/portal\/index.php\/wp-json\/wp\/v2\/tags?post=5117"}],"curies":[{"name":"wp","href":"https:\/\/api.w.org\/{rel}","templated":true}]}}