{"id":5120,"date":"2020-03-16T14:21:28","date_gmt":"2020-03-16T17:21:28","guid":{"rendered":"http:\/\/dgospel.com.br\/portal\/?p=5120"},"modified":"2020-03-16T14:21:29","modified_gmt":"2020-03-16T17:21:29","slug":"camara-de-vereadores-de-palmas-suspende-acesso-da-populacao-para-prevenir-contra-coronavirus","status":"publish","type":"post","link":"https:\/\/dgospel.com.br\/portal\/index.php\/2020\/03\/16\/camara-de-vereadores-de-palmas-suspende-acesso-da-populacao-para-prevenir-contra-coronavirus\/","title":{"rendered":"C\u00e2mara de Vereadores de Palmas suspende acesso da popula\u00e7\u00e3o para prevenir contra coronav\u00edrus"},"content":{"rendered":"\n<p>A C\u00e2mara de Vereadores de Palmas suspendeu o acesso da popula\u00e7\u00e3o \u00e0s sess\u00f5es legislativas e reuni\u00f5es de comiss\u00f5es por causa da pandemia do coronav\u00edrus. A medida, segundo a casa de leis, come\u00e7a a valer nesta segunda-feira (16) e segue enquanto durar o decreto municipal que declarou situa\u00e7\u00e3o de emerg\u00eancia em sa\u00fade p\u00fablica em Palma<\/p>\n\n\n\n<p>Durante este per\u00edodo, o expediente da C\u00e2mara Municipal ser\u00e1 apenas interno. Os interessados poder\u00e3o acompanhar as sess\u00f5es e reuni\u00f5es de forma virtual, no site da C\u00e2mara Municipal.<\/p>\n\n\n\n<p>&#8220;Ressalta-se que caso a pandemia decorrente do COVID-19 (coronav\u00edrus) se alastre e avance ainda mais pelo territ\u00f3rio brasileiro, sem que as autoridades consigam control\u00e1-lo ou erradic\u00e1-lo, outras medidas emergenciais \u2013 entre as quais a suspens\u00e3o total das atividades legislativas \u2013 poder\u00e3o ser tomadas por este parlamento&#8221;, diz nota da C\u00e2mara.<\/p>\n\n\n\n<h2>O decreto<\/h2>\n\n\n\n<p>A prefeita Cinthia Ribeiro (PSDB)&nbsp;<a href=\"https:\/\/g1.globo.com\/to\/tocantins\/noticia\/2020\/03\/15\/prefeitura-de-palmas-suspende-aulas-e-grandes-eventos-para-prevenir-contra-o-coronavirus.ghtml\">decretou situa\u00e7\u00e3o de emerg\u00eancia em sa\u00fade p\u00fablica<\/a>. O decreto municipal suspendeu as aulas da rede municipal e eventos que promovam encontros de grande n\u00famero de pessoas. A medida \u00e9 para prevenir contamina\u00e7\u00f5es com o coronav\u00edrus.<\/p>\n\n\n\n<p>O documento foi publicado no Di\u00e1rio Oficial de s\u00e1bado (14). Segundo a Prefeitura, o decreto vai se manter &#8220;at\u00e9 que o estado de emerg\u00eancia causado pelo novo coronav\u00edrus (Covid-19) perdure&#8221;.<\/p>\n","protected":false},"excerpt":{"rendered":"<p>A C\u00e2mara de Vereadores de Palmas suspendeu o acesso da popula\u00e7\u00e3o \u00e0s sess\u00f5es legislativas e reuni\u00f5es de comiss\u00f5es por causa da pandemia do coronav\u00edrus. A medida, segundo a casa de leis, come\u00e7a a valer nesta segunda-feira (16) e segue enquanto durar o decreto municipal que declarou situa\u00e7\u00e3o de emerg\u00eancia em sa\u00fade p\u00fablica em Palma Durante [&hellip;]<\/p>\n","protected":false},"author":2,"featured_media":5121,"comment_status":"open","ping_status":"open","sticky":false,"template":"","format":"standard","meta":[],"categories":[3],"tags":[],"_links":{"self":[{"href":"https:\/\/dgospel.com.br\/portal\/index.php\/wp-json\/wp\/v2\/posts\/5120"}],"collection":[{"href":"https:\/\/dgospel.com.br\/portal\/index.php\/wp-json\/wp\/v2\/posts"}],"about":[{"href":"https:\/\/dgospel.com.br\/portal\/index.php\/wp-json\/wp\/v2\/types\/post"}],"author":[{"embeddable":true,"href":"https:\/\/dgospel.com.br\/portal\/index.php\/wp-json\/wp\/v2\/users\/2"}],"replies":[{"embeddable":true,"href":"https:\/\/dgospel.com.br\/portal\/index.php\/wp-json\/wp\/v2\/comments?post=5120"}],"version-history":[{"count":1,"href":"https:\/\/dgospel.com.br\/portal\/index.php\/wp-json\/wp\/v2\/posts\/5120\/revisions"}],"predecessor-version":[{"id":5122,"href":"https:\/\/dgospel.com.br\/portal\/index.php\/wp-json\/wp\/v2\/posts\/5120\/revisions\/5122"}],"wp:featuredmedia":[{"embeddable":true,"href":"https:\/\/dgospel.com.br\/portal\/index.php\/wp-json\/wp\/v2\/media\/5121"}],"wp:attachment":[{"href":"https:\/\/dgospel.com.br\/portal\/index.php\/wp-json\/wp\/v2\/media?parent=5120"}],"wp:term":[{"taxonomy":"category","embeddable":true,"href":"https:\/\/dgospel.com.br\/portal\/index.php\/wp-json\/wp\/v2\/categories?post=5120"},{"taxonomy":"post_tag","embeddable":true,"href":"https:\/\/dgospel.com.br\/portal\/index.php\/wp-json\/wp\/v2\/tags?post=5120"}],"curies":[{"name":"wp","href":"https:\/\/api.w.org\/{rel}","templated":true}]}}